{"id":1150,"date":"2010-12-21T13:40:15","date_gmt":"2010-12-21T13:40:15","guid":{"rendered":"http:\/\/www.esquinautico.cl\/nuevo\/?p=1150"},"modified":"2010-12-21T13:40:15","modified_gmt":"2010-12-21T13:40:15","slug":"toti-miranda-esta-fue-mi-mejor-temporada","status":"publish","type":"post","link":"http:\/\/www.esquinautico.cl\/?p=1150","title":{"rendered":"TOTI MIRANDA: \u00abESTA FUE MI MEJOR TEMPORADA\u00bb"},"content":{"rendered":"<p><!--[if gte mso 9]><xml>  <w:WordDocument>   <w:View>Normal<\/w:View>   <w:Zoom>0<\/w:Zoom>   <w:HyphenationZone>21<\/w:HyphenationZone>   <w:PunctuationKerning\/>   <w:ValidateAgainstSchemas\/>   <w:SaveIfXMLInvalid>false<\/w:SaveIfXMLInvalid>   <w:IgnoreMixedContent>false<\/w:IgnoreMixedContent>   <w:AlwaysShowPlaceholderText>false<\/w:AlwaysShowPlaceholderText>   <w:Compatibility>    <w:BreakWrappedTables\/>    <w:SnapToGridInCell\/>    <w:WrapTextWithPunct\/>    <w:UseAsianBreakRules\/>    <w:DontGrowAutofit\/>   <\/w:Compatibility>   <w:BrowserLevel>MicrosoftInternetExplorer4<\/w:BrowserLevel>  <\/w:WordDocument> <\/xml><![endif]--><!--[if gte mso 9]><xml>  <w:LatentStyles DefLockedState=\"false\" LatentStyleCount=\"156\">  <\/w:LatentStyles> <\/xml><![endif]--><!--[if !mso]>\n\n<div   classid=\"clsid:38481807-CA0E-42D2-BF39-B33AF135CC4D\" id=ieooui><\/div>\n\n \n\n<style> st1:*{behavior:url(#ieooui) } <\/style>\n\n <![endif]--><!--[if gte mso 10]> \n\n<style>  \/* Style Definitions *\/  table.MsoNormalTable \t{mso-style-name:\"Tabla normal\"; \tmso-tstyle-rowband-size:0; \tmso-tstyle-colband-size:0; \tmso-style-noshow:yes; \tmso-style-parent:\"\"; \tmso-padding-alt:0cm 5.4pt 0cm 5.4pt; \tmso-para-margin:0cm; \tmso-para-margin-bottom:.0001pt; \tmso-pagination:widow-orphan; \tfont-size:10.0pt; \tfont-family:\"Times New Roman\"; \tmso-ansi-language:#0400; \tmso-fareast-language:#0400; \tmso-bidi-language:#0400;} <\/style>\n\n <![endif]--><!--[if gte mso 9]><xml>  <w:WordDocument>   <w:View>Normal<\/w:View>   <w:Zoom>0<\/w:Zoom>   <w:HyphenationZone>21<\/w:HyphenationZone>   <w:PunctuationKerning\/>   <w:ValidateAgainstSchemas\/>   <w:SaveIfXMLInvalid>false<\/w:SaveIfXMLInvalid>   <w:IgnoreMixedContent>false<\/w:IgnoreMixedContent>   <w:AlwaysShowPlaceholderText>false<\/w:AlwaysShowPlaceholderText>   <w:Compatibility>    <w:BreakWrappedTables\/>    <w:SnapToGridInCell\/>    <w:WrapTextWithPunct\/>    <w:UseAsianBreakRules\/>    <w:DontGrowAutofit\/>   <\/w:Compatibility>   <w:BrowserLevel>MicrosoftInternetExplorer4<\/w:BrowserLevel>  <\/w:WordDocument> <\/xml><![endif]--><!--[if gte mso 9]><xml>  <w:LatentStyles DefLockedState=\"false\" LatentStyleCount=\"156\">  <\/w:LatentStyles> <\/xml><![endif]--><!--[if gte mso 10]> \n\n<style>  \/* Style Definitions *\/  table.MsoNormalTable \t{mso-style-name:\"Tabla normal\"; \tmso-tstyle-rowband-size:0; \tmso-tstyle-colband-size:0; \tmso-style-noshow:yes; \tmso-style-parent:\"\"; \tmso-padding-alt:0cm 5.4pt 0cm 5.4pt; \tmso-para-margin:0cm; \tmso-para-margin-bottom:.0001pt; \tmso-pagination:widow-orphan; \tfont-size:10.0pt; \tfont-family:\"Times New Roman\"; \tmso-ansi-language:#0400; \tmso-fareast-language:#0400; \tmso-bidi-language:#0400;} <\/style>\n\n <![endif]-->  <\/p>\n<p class=\"MsoNormal\"><strong><font color=\"#000000\"><span style=\"font-size: 10pt; font-family: Arial\">Campe\u00f3n nacional cerr\u00f3 el a\u00f1o recibiendo el premio al \u201cMejor en Esqu\u00ed N\u00e1utico\u201d de parte del C\u00edrculo de Periodistas Deportivos<\/span><\/font><\/strong><\/p>\n<p class=\"MsoNormal\">&nbsp;<\/p>\n<p class=\"MsoNormal\"><img loading=\"lazy\" src=\"images\/stories\/esquinautico\/dsc_2788.jpg\" border=\"1\" width=\"250\" height=\"323\" align=\"left\" \/><font color=\"#000000\"><span style=\"font-size: 10pt; font-family: Arial\">Su quinto \u201cc\u00f3ndor\u201d fue a recibir este lunes el campe\u00f3n nacional Rodrigo Miranda, quien nuevamente fue elegido por el C\u00edrculo de Periodistas Deportivos de Chile como el mejor en esqu\u00ed n\u00e1utico.<\/span><\/font><\/p>\n<p class=\"MsoNormal\"><font color=\"#000000\"><span style=\"font-size: 10pt; font-family: Arial\">\u00a0<\/span><\/font><\/p>\n<p class=\"MsoNormal\"><font color=\"#000000\"><span style=\"font-size: 10pt; font-family: Arial\">Pese a que su estilo es tratar siempre de pasar inadvertido, esta vez Toti no pudo con los reporteros, que tras un a\u00f1o lleno de \u00e9xitos y figuraciones en torneos internacionales se le acercaron para dialogar y conocer sus impresiones.<\/span><\/font><\/p>\n<p class=\"MsoNormal\"><font color=\"#000000\"><span style=\"font-size: 10pt; font-family: Arial\">\u00a0<\/span><\/font><\/p>\n<p style=\"text-align: justify\" class=\"MsoNormal\" align=\"left\"><font color=\"#000000\"><span style=\"font-size: 10pt; font-family: Arial\">\u201cEste premio es muy importante y siempre es un reflejo de lo bueno que se hace en el a\u00f1o. Hay muchos esquiadores que este a\u00f1o anduvieron bien y es muy bueno que se hayan acordado otra vez de mi\u201d dijo muy agradecido el campe\u00f3n Odesur de salto.<\/span><\/font><\/p>\n<div align=\"left\">  <\/div>\n<p style=\"text-align: justify\" class=\"MsoNormal\" align=\"left\"><font color=\"#000000\"><span style=\"font-size: 10pt; font-family: Arial\">\u00a0<\/span><\/font><\/p>\n<div align=\"left\">  <\/div>\n<p style=\"text-align: justify\" class=\"MsoNormal\" align=\"left\"><font color=\"#000000\"><span style=\"font-size: 10pt; font-family: Arial\">A la hora de los balances, Miranda no tuvo dudas en calificar este a\u00f1o como el mejor en t\u00e9rminos de rendimiento \u201cPor marcas este a\u00f1o fue, por lejos, mi mejor temporada. Los progresos que logr\u00e9, fundamentalmente en salto, son muy altos y me tienen lleno de ilusi\u00f3n para seguir subiendo en el ranking elite\u201d coment\u00f3 el campe\u00f3n panamericano de overall.<\/span><\/font><\/p>\n<div align=\"left\">  <\/div>\n<p style=\"text-align: justify\" class=\"MsoNormal\" align=\"left\"><font color=\"#000000\"><span style=\"font-size: 10pt; font-family: Arial\">\u00a0<\/span><\/font><\/p>\n<div align=\"left\">  <\/div>\n<p style=\"text-align: justify\" class=\"MsoNormal\" align=\"left\"><font color=\"#000000\"><span style=\"font-size: 10pt; font-family: Arial\">El recuento general del 2010 dice que Rodrigo Miranda fue el mejor de nuestro deporte, luego que ganara medalla de oro en salto y bronce en slalom en los Juegos Odesur de Medell\u00edn. Luego sorprendi\u00f3 con un quinto puesto en salto en la final de la   World Cup de Corea del Sur y cerr\u00f3 el a\u00f1o con una medalla de oro en overall y bronce en figuras en el Campeonato Panamericano de Santiago.<\/span><\/font><\/p>\n<div align=\"left\">  <\/div>\n<p style=\"text-align: justify\" class=\"MsoNormal\" align=\"left\"><font color=\"#000000\"><span style=\"font-size: 10pt; font-family: Arial\">\u00a0<\/span><\/font><\/p>\n<div align=\"left\">  <\/div>\n<p style=\"text-align: justify\" class=\"MsoNormal\" align=\"left\"><font color=\"#000000\"><span style=\"font-size: 10pt; font-family: Arial\">La grandeza de Toti tambi\u00e9n qued\u00f3 reflejada en los conceptos que emiti\u00f3 sobre los otros esquiadores que tambi\u00e9n pudieron ganar este premio \u201cPipe (Miranda) tambi\u00e9n tuvo un gran a\u00f1o y cada d\u00eda se acerca m\u00e1s a su mejor nivel. Lo mismo ocurre con Nicole (Naser) y Tiare (Miranda), que ya est\u00e1n para pelear medallas en torneos importantes. Todos son grandes esquiadores\u201d concluy\u00f3 el 10\u00ba saltador del orbe.<\/span><\/font><\/p>\n","protected":false},"excerpt":{"rendered":"<p>Campe\u00f3n nacional cerr\u00f3 el a\u00f1o recibiendo el premio al \u201cMejor en Esqu\u00ed N\u00e1utico\u201d de parte del C\u00edrculo de Periodistas Deportivos<\/p>\n","protected":false},"author":2,"featured_media":0,"comment_status":"closed","ping_status":"open","sticky":false,"template":"","format":"standard","meta":[],"categories":[1],"tags":[],"_links":{"self":[{"href":"http:\/\/www.esquinautico.cl\/index.php?rest_route=\/wp\/v2\/posts\/1150"}],"collection":[{"href":"http:\/\/www.esquinautico.cl\/index.php?rest_route=\/wp\/v2\/posts"}],"about":[{"href":"http:\/\/www.esquinautico.cl\/index.php?rest_route=\/wp\/v2\/types\/post"}],"author":[{"embeddable":true,"href":"http:\/\/www.esquinautico.cl\/index.php?rest_route=\/wp\/v2\/users\/2"}],"replies":[{"embeddable":true,"href":"http:\/\/www.esquinautico.cl\/index.php?rest_route=%2Fwp%2Fv2%2Fcomments&post=1150"}],"version-history":[{"count":0,"href":"http:\/\/www.esquinautico.cl\/index.php?rest_route=\/wp\/v2\/posts\/1150\/revisions"}],"wp:attachment":[{"href":"http:\/\/www.esquinautico.cl\/index.php?rest_route=%2Fwp%2Fv2%2Fmedia&parent=1150"}],"wp:term":[{"taxonomy":"category","embeddable":true,"href":"http:\/\/www.esquinautico.cl\/index.php?rest_route=%2Fwp%2Fv2%2Fcategories&post=1150"},{"taxonomy":"post_tag","embeddable":true,"href":"http:\/\/www.esquinautico.cl\/index.php?rest_route=%2Fwp%2Fv2%2Ftags&post=1150"}],"curies":[{"name":"wp","href":"https:\/\/api.w.org\/{rel}","templated":true}]}}