{"id":1153,"date":"2011-01-12T22:00:46","date_gmt":"2011-01-12T22:00:46","guid":{"rendered":"http:\/\/www.esquinautico.cl\/nuevo\/?p=1153"},"modified":"2011-01-12T22:00:46","modified_gmt":"2011-01-12T22:00:46","slug":"operacion-retorno","status":"publish","type":"post","link":"http:\/\/www.esquinautico.cl\/?p=1153","title":{"rendered":"OPERACI\u00d3N RETORNO"},"content":{"rendered":"<p><!--[if gte mso 9]><xml>  <w:WordDocument>   <w:View>Normal<\/w:View>   <w:Zoom>0<\/w:Zoom>   <w:HyphenationZone>21<\/w:HyphenationZone>   <w:PunctuationKerning\/>   <w:ValidateAgainstSchemas\/>   <w:SaveIfXMLInvalid>false<\/w:SaveIfXMLInvalid>   <w:IgnoreMixedContent>false<\/w:IgnoreMixedContent>   <w:AlwaysShowPlaceholderText>false<\/w:AlwaysShowPlaceholderText>   <w:Compatibility>    <w:BreakWrappedTables\/>    <w:SnapToGridInCell\/>    <w:WrapTextWithPunct\/>    <w:UseAsianBreakRules\/>    <w:DontGrowAutofit\/>   <\/w:Compatibility>   <w:BrowserLevel>MicrosoftInternetExplorer4<\/w:BrowserLevel>  <\/w:WordDocument> <\/xml><![endif]--><!--[if gte mso 9]><xml>  <w:LatentStyles DefLockedState=\"false\" LatentStyleCount=\"156\">  <\/w:LatentStyles> <\/xml><![endif]--><!--[if !mso]>\n\n<div   classid=\"clsid:38481807-CA0E-42D2-BF39-B33AF135CC4D\" id=ieooui><\/div>\n\n \n\n<style> st1:*{behavior:url(#ieooui) } <\/style>\n\n <![endif]--><!--[if gte mso 10]> \n\n<style>  \/* Style Definitions *\/  table.MsoNormalTable \t{mso-style-name:\"Tabla normal\"; \tmso-tstyle-rowband-size:0; \tmso-tstyle-colband-size:0; \tmso-style-noshow:yes; \tmso-style-parent:\"\"; \tmso-padding-alt:0cm 5.4pt 0cm 5.4pt; \tmso-para-margin:0cm; \tmso-para-margin-bottom:.0001pt; \tmso-pagination:widow-orphan; \tfont-size:10.0pt; \tfont-family:\"Times New Roman\"; \tmso-ansi-language:#0400; \tmso-fareast-language:#0400; \tmso-bidi-language:#0400;} <\/style>\n\n <![endif]-->  <\/p>\n<p class=\"MsoNormal\"><font color=\"#000000\"><strong><span style=\"font-size: 10pt; font-family: Arial\">Pipe Miranda y su proceso para volver a la elite mundial del esqu\u00ed n\u00e1utico<\/span><\/strong><\/font><\/p>\n<p class=\"MsoNormal\"><span style=\"font-size: 10pt; font-family: Arial\">\u00a0<\/span><\/p>\n<p class=\"MsoNormal\"><img loading=\"lazy\" src=\"images\/stories\/esquinautico\/pipemi.jpg\" border=\"2\" width=\"250\" height=\"310\" align=\"left\" \/><font color=\"#000000\"><span style=\"font-size: 10pt; font-family: Arial\">A punta de triunfos y marcas destacadas Felipe Miranda ha firmado su vuelta a la competencia criolla, tras un a\u00f1o alejado de las aguas tras una seria lesi\u00f3n que lo afect\u00f3 en su hombro.<\/span><\/font><\/p>\n<p class=\"MsoNormal\"><font color=\"#000000\"><span style=\"font-size: 10pt; font-family: Arial\">\u00a0<\/span><\/font><\/p>\n<p class=\"MsoNormal\"><font color=\"#000000\"><span style=\"font-size: 10pt; font-family: Arial\">Con el vivo recuerdo de un brillante cierre del 2010, donde se impuso en la Copa San Pablo y en la Copa Carlos Chicharro, el ex campe\u00f3n mundial junior y sub21 analiza su momento y proyecta el que espera sea su a\u00f1o de reinserci\u00f3n a la elite internacional.<\/span><\/font><\/p>\n<p class=\"MsoNormal\"><span style=\"font-size: 10pt; font-family: Arial\">\u00a0<\/span><\/p>\n<p class=\"MsoNormal\"><font color=\"#000000\"><span style=\"font-size: 10pt; font-family: Arial\">\u201cEstoy contento con lo que he hecho pero a\u00fan falta mucho. Lo que hice fue crear volumen de entrenamiento m\u00e1s que buscar buenos resultados. La idea es esta etapa ha sido cumplida satisfactoriamente y eso me tiene contento\u201d dijo Miranda.<\/span><\/font><\/p>\n<p class=\"MsoNormal\"><font color=\"#000000\"><span style=\"font-size: 10pt; font-family: Arial\">\u00a0<\/span><\/font><\/p>\n<p class=\"MsoNormal\"><font color=\"#000000\"><span style=\"font-size: 10pt; font-family: Arial\">En su escalada hacia el alto rendimiento, Miranda ahora se enfrentar\u00e1 a una fase nueva, seg\u00fan explica \u201cLa idea es que en estos tres meses logre ponerme a punto f\u00edsicamente y tambi\u00e9n seguir creando volumen. El objetivo en este verano es elevar el nivel de tal manera que pueda ir a reventarla a Estados Unidos en abril\u201d explic\u00f3.<\/span><\/font><\/p>\n<p class=\"MsoNormal\"><font color=\"#000000\"><span style=\"font-size: 10pt; font-family: Arial\">\u00a0<\/span><\/font><\/p>\n<p class=\"MsoNormal\"><font color=\"#000000\"><span style=\"font-size: 10pt; font-family: Arial\">En el calendario competitivo de Felipe Miranda aparecen marcados como eventos destacados el Abierto de Australia (marzo), el Mundial Open de Rusia (julio) y por supuesto los Juegos Panamericanos de Guadalajara (octubre). A\u00fan no define su participaci\u00f3n en el Campeonato Latinoamericano de M\u00e9xico, que se disputar\u00e1 en abril. <\/span><\/font><\/p>\n","protected":false},"excerpt":{"rendered":"<p>Pipe Miranda y su proceso para volver a la elite mundial del esqu\u00ed n\u00e1utico \u00a0 A punta de triunfos y<\/p>\n","protected":false},"author":2,"featured_media":0,"comment_status":"closed","ping_status":"open","sticky":false,"template":"","format":"standard","meta":[],"categories":[1],"tags":[],"_links":{"self":[{"href":"http:\/\/www.esquinautico.cl\/index.php?rest_route=\/wp\/v2\/posts\/1153"}],"collection":[{"href":"http:\/\/www.esquinautico.cl\/index.php?rest_route=\/wp\/v2\/posts"}],"about":[{"href":"http:\/\/www.esquinautico.cl\/index.php?rest_route=\/wp\/v2\/types\/post"}],"author":[{"embeddable":true,"href":"http:\/\/www.esquinautico.cl\/index.php?rest_route=\/wp\/v2\/users\/2"}],"replies":[{"embeddable":true,"href":"http:\/\/www.esquinautico.cl\/index.php?rest_route=%2Fwp%2Fv2%2Fcomments&post=1153"}],"version-history":[{"count":0,"href":"http:\/\/www.esquinautico.cl\/index.php?rest_route=\/wp\/v2\/posts\/1153\/revisions"}],"wp:attachment":[{"href":"http:\/\/www.esquinautico.cl\/index.php?rest_route=%2Fwp%2Fv2%2Fmedia&parent=1153"}],"wp:term":[{"taxonomy":"category","embeddable":true,"href":"http:\/\/www.esquinautico.cl\/index.php?rest_route=%2Fwp%2Fv2%2Fcategories&post=1153"},{"taxonomy":"post_tag","embeddable":true,"href":"http:\/\/www.esquinautico.cl\/index.php?rest_route=%2Fwp%2Fv2%2Ftags&post=1153"}],"curies":[{"name":"wp","href":"https:\/\/api.w.org\/{rel}","templated":true}]}}