{"id":1156,"date":"2011-01-31T04:22:32","date_gmt":"2011-01-31T04:22:32","guid":{"rendered":"http:\/\/www.esquinautico.cl\/nuevo\/?p=1156"},"modified":"2011-01-31T04:22:32","modified_gmt":"2011-01-31T04:22:32","slug":"toti-brilla-en-la-copa-budapest","status":"publish","type":"post","link":"http:\/\/www.esquinautico.cl\/?p=1156","title":{"rendered":"TOTI BRILLA EN LA COPA BUDAPEST"},"content":{"rendered":"<p><!--[if gte mso 9]><xml>  <w:WordDocument>   <w:View>Normal<\/w:View>   <w:Zoom>0<\/w:Zoom>   <w:HyphenationZone>21<\/w:HyphenationZone>   <w:PunctuationKerning\/>   <w:ValidateAgainstSchemas\/>   <w:SaveIfXMLInvalid>false<\/w:SaveIfXMLInvalid>   <w:IgnoreMixedContent>false<\/w:IgnoreMixedContent>   <w:AlwaysShowPlaceholderText>false<\/w:AlwaysShowPlaceholderText>   <w:Compatibility>    <w:BreakWrappedTables\/>    <w:SnapToGridInCell\/>    <w:WrapTextWithPunct\/>    <w:UseAsianBreakRules\/>    <w:DontGrowAutofit\/>   <\/w:Compatibility>   <w:BrowserLevel>MicrosoftInternetExplorer4<\/w:BrowserLevel>  <\/w:WordDocument> <\/xml><![endif]--><!--[if gte mso 9]><xml>  <w:LatentStyles DefLockedState=\"false\" LatentStyleCount=\"156\">  <\/w:LatentStyles> <\/xml><![endif]--><!--[if !mso]><object  classid=\"clsid:38481807-CA0E-42D2-BF39-B33AF135CC4D\" id=ieooui><\/object> \n\n<style> st1:*{behavior:url(#ieooui) } <\/style>\n\n <![endif]--><!--[if gte mso 10]> \n\n<style>  \/* Style Definitions *\/  table.MsoNormalTable \t{mso-style-name:\"Tabla normal\"; \tmso-tstyle-rowband-size:0; \tmso-tstyle-colband-size:0; \tmso-style-noshow:yes; \tmso-style-parent:\"\"; \tmso-padding-alt:0cm 5.4pt 0cm 5.4pt; \tmso-para-margin:0cm; \tmso-para-margin-bottom:.0001pt; \tmso-pagination:widow-orphan; \tfont-size:10.0pt; \tfont-family:\"Times New Roman\"; \tmso-ansi-language:#0400; \tmso-fareast-language:#0400; \tmso-bidi-language:#0400;} <\/style>\n\n <![endif]-->    <\/p>\n<p class=\"MsoNormal\"><font color=\"#000000\"><strong><span style=\"font-size: 10pt; font-family: Arial\">Con s\u00f3lidos triunfos en figuras y slalom, el campe\u00f3n nacional demostr\u00f3 estar en excelentes condiciones para el Moomba Masters 2011<\/span><\/strong><\/font><\/p>\n<p class=\"MsoNormal\"><font color=\"#000000\"><span style=\"font-size: 10pt; font-family: Arial\">\u00a0<\/span><\/font><\/p>\n<p class=\"MsoNormal\"><img loading=\"lazy\" src=\"images\/stories\/esquinautico\/toti%20miranda.jpg\" border=\"2\" width=\"250\" height=\"268\" align=\"left\" \/><font color=\"#000000\"><span style=\"font-size: 10pt; font-family: Arial\">Rodrigo Miranda dio muestras de un crecido nivel en slalom y con una respetable marca de 5 boyas a 11,25  metros de cuerda se impuso en la final open de la primera versi\u00f3n de la  Copa Budapest, que se disput\u00f3 esta tarde en el lago Los Morros.<\/span><\/font><\/p>\n<p class=\"MsoNormal\"><font color=\"#000000\"><span style=\"font-size: 10pt; font-family: Arial\">\u00a0<\/span><\/font><\/p>\n<p class=\"MsoNormal\"><font color=\"#000000\"><span style=\"font-size: 10pt; font-family: Arial\">Pese al triunfo, el campe\u00f3n nacional no tuvo una tarde tranquila, pues para alcanzar el oro debi\u00f3 salir del muelle con la idea de superar las 3 \u00bd boyas a 11,25 que apunt\u00f3 el ex plusmarquista criollo Rodolfo Guzm\u00e1n (plata) y las 2 \u00bd boyas al mismo ajuste que esquiv\u00f3 Pablo Castro (bronce)<\/span><\/font><\/p>\n<p class=\"MsoNormal\"><font color=\"#000000\"><span style=\"font-size: 10pt; font-family: Arial\">\u00a0<\/span><\/font><\/p>\n<p class=\"MsoNormal\"><font color=\"#000000\"><span style=\"font-size: 10pt; font-family: Arial\">\u00abHubo presi\u00f3n y eso es siempre muy bueno poder vencer. Estoy mejorando y eso en los torneos se est\u00e1 notando\u00bb dijo el seleccionado nacional.<\/span><\/font><\/p>\n<p class=\"MsoNormal\"><font color=\"#000000\"><span style=\"font-size: 10pt; font-family: Arial\">\u00a0<\/span><\/font><\/p>\n<p class=\"MsoNormal\"><font color=\"#000000\"><span style=\"font-size: 10pt; font-family: Arial\">En figuras, el campe\u00f3n Odesur tambi\u00e9n exhibi\u00f3 un encumbrado nivel y con una marca de 8.830 puntos se impuso en la serie Open. El pr\u00f3ximo desaf\u00edo internacional de Rodrigo Miranda es en marzo pr\u00f3ximo, cuando tome parte del tradicional Moomba Masters de Australia.<\/span><\/font><\/p>\n<p class=\"MsoNormal\"><font color=\"#000000\"><span style=\"font-size: 10pt; font-family: Arial\">\u00a0<\/span><\/font><\/p>\n<p class=\"MsoNormal\"><font color=\"#000000\"><span style=\"font-size: 10pt; font-family: Arial\">La Copa<\/span><span style=\"font-size: 10pt; font-family: Arial\"> Budapest<\/span><span style=\"font-size: 10pt; font-family: Arial\"> 2011 reuni\u00f3 a una veintena de esquiadores de los distintos clubes metropolitanos, quienes mostraron grandes deseos por seguir mejorando sus marcas en todas las especialidades.<\/span><\/font><\/p>\n<p class=\"MsoNormal\"><font color=\"#000000\"><span style=\"font-size: 10pt; font-family: Arial\">\u00a0<\/span><\/font><\/p>\n<p class=\"MsoNormal\"><font color=\"#000000\"><span style=\"font-size: 10pt; font-family: Arial\">Un buen ejemplo de ganas y compromiso lo dieron los infantiles Nicol\u00e1s Desgroux y Angelo Debarbieri, quienes se ganaron sonoros aplausos por sus notables presentaciones en slalom.<\/span><\/font><\/p>\n","protected":false},"excerpt":{"rendered":"<p>Con s\u00f3lidos triunfos en figuras y slalom, el campe\u00f3n nacional demostr\u00f3 estar en excelentes condiciones para el Moomba Masters 2011<\/p>\n","protected":false},"author":2,"featured_media":0,"comment_status":"closed","ping_status":"open","sticky":false,"template":"","format":"standard","meta":[],"categories":[1],"tags":[],"_links":{"self":[{"href":"http:\/\/www.esquinautico.cl\/index.php?rest_route=\/wp\/v2\/posts\/1156"}],"collection":[{"href":"http:\/\/www.esquinautico.cl\/index.php?rest_route=\/wp\/v2\/posts"}],"about":[{"href":"http:\/\/www.esquinautico.cl\/index.php?rest_route=\/wp\/v2\/types\/post"}],"author":[{"embeddable":true,"href":"http:\/\/www.esquinautico.cl\/index.php?rest_route=\/wp\/v2\/users\/2"}],"replies":[{"embeddable":true,"href":"http:\/\/www.esquinautico.cl\/index.php?rest_route=%2Fwp%2Fv2%2Fcomments&post=1156"}],"version-history":[{"count":0,"href":"http:\/\/www.esquinautico.cl\/index.php?rest_route=\/wp\/v2\/posts\/1156\/revisions"}],"wp:attachment":[{"href":"http:\/\/www.esquinautico.cl\/index.php?rest_route=%2Fwp%2Fv2%2Fmedia&parent=1156"}],"wp:term":[{"taxonomy":"category","embeddable":true,"href":"http:\/\/www.esquinautico.cl\/index.php?rest_route=%2Fwp%2Fv2%2Fcategories&post=1156"},{"taxonomy":"post_tag","embeddable":true,"href":"http:\/\/www.esquinautico.cl\/index.php?rest_route=%2Fwp%2Fv2%2Ftags&post=1156"}],"curies":[{"name":"wp","href":"https:\/\/api.w.org\/{rel}","templated":true}]}}