{"id":1160,"date":"2011-02-07T19:39:59","date_gmt":"2011-02-07T19:39:59","guid":{"rendered":"http:\/\/www.esquinautico.cl\/nuevo\/?p=1160"},"modified":"2011-02-07T19:39:59","modified_gmt":"2011-02-07T19:39:59","slug":"pablo-castro-%e2%80%9cespero-batir-mi-record-este-ano%e2%80%9d","status":"publish","type":"post","link":"http:\/\/www.esquinautico.cl\/?p=1160","title":{"rendered":"PABLO CASTRO: \u201cESPERO BATIR MI R\u00c9CORD ESTE A\u00d1O\u201d"},"content":{"rendered":"<p style=\"margin: 0cm 0cm 0pt\" class=\"MsoNormal\"><span style=\"font-family: Arial; font-size: 10pt\"><font color=\"#000000\"><strong>El seleccionado nacional igual\u00f3 su mejor marca en Slalom durante la Copa Budapest.<\/strong><\/font><\/span><\/p>\n<p><span style=\"font-family: Arial; font-size: 10pt\"><font color=\"#000000\"><strong>\u00a0\u00a0 <\/strong><\/font><\/span><span style=\"font-family: Arial; font-size: 10pt\"><font color=\"#000000\">\u00a0<\/font><\/span> <\/p>\n<p style=\"margin: 0cm 0cm 0pt\" class=\"MsoNormal\"><span style=\"font-family: Arial; font-size: 10pt\"><font color=\"#000000\"><img loading=\"lazy\" src=\"images\/stories\/esquinautico\/dsc_6367.jpg\" border=\"0\" width=\"250\" height=\"292\" align=\"left\" \/>Pablo Castro fue una de las figuras de la Copa Budapest, en donde remat\u00f3 tercero en slalom con una gran marca de 2 \u00bd boyas en 11,25 metros, con la cual igual\u00f3 su r\u00e9cord personal obtenido en 2008.<\/font><\/span><\/p>\n<p><span style=\"font-family: Arial; font-size: 10pt\"><font color=\"#000000\">\u00a0\u00a0 \u00a0<span>\u00a0<\/span><\/font><\/span><span style=\"font-family: Arial; font-size: 10pt\"><font color=\"#000000\">\u00a0<\/font><\/span> <\/p>\n<p style=\"margin: 0cm 0cm 0pt\" class=\"MsoNormal\"><span style=\"font-family: Arial; font-size: 10pt\"><font color=\"#000000\">\u201cEsto se explica simplemente porque volv\u00ed a hacer slalom, que lo hab\u00eda dejado tirado por dos a\u00f1os, ya que estaba que entrenaba, que paraba dos meses. Pero ahora volv\u00ed a retomarlo bien y espero batir mi r\u00e9cord este a\u00f1o\u201d, se\u00f1al\u00f3 Castro. <\/font><\/span><\/p>\n<p><span style=\"font-family: Arial; font-size: 10pt\"><font color=\"#000000\">\u00a0\u00a0 <\/font><\/span><span style=\"font-family: Arial; font-size: 10pt\"><font color=\"#000000\">\u00a0<\/font><\/span> <\/p>\n<p style=\"margin: 0cm 0cm 0pt\" class=\"MsoNormal\"><span style=\"font-family: Arial; font-size: 10pt\"><font color=\"#000000\">\u201cEstoy entrenando por lo menos una vez todos los d\u00edas, hay d\u00edas que esqu\u00edo dos veces slalom y salto dos veces todos los d\u00edas, para retomar mi ritmo. Todav\u00eda estoy bajo en salto por la ca\u00edda que me pegu\u00e9 hace un tiempo atr\u00e1s\u201d, agreg\u00f3.<\/font><\/span><\/p>\n<p><span style=\"font-family: Arial; font-size: 10pt\"><font color=\"#000000\">\u00a0\u00a0 <\/font><\/span><span style=\"font-family: Arial; font-size: 10pt\"><font color=\"#000000\">\u00a0<\/font><\/span> <\/p>\n<p style=\"margin: 0cm 0cm 0pt\" class=\"MsoNormal\"><span style=\"font-family: Arial; font-size: 10pt\"><font color=\"#000000\">El seleccionado nacional coment\u00f3 adem\u00e1s su participaci\u00f3n en la prueba de salto, en donde obtuvo una marca de 51,4 metros, la cual lo dej\u00f3 muy conforme pensando en que en el futuro la puede mejorar.<\/font><\/span><\/p>\n<p><span style=\"font-family: Arial; font-size: 10pt\"><font color=\"#000000\">\u00a0\u00a0 <\/font><\/span><span style=\"font-family: Arial; font-size: 10pt\"><font color=\"#000000\">\u00a0<\/font><\/span> <\/p>\n<p style=\"margin: 0cm 0cm 0pt\" class=\"MsoNormal\"><span style=\"font-family: Arial; font-size: 10pt\"><font color=\"#000000\">\u201cLa marca que saqu\u00e9 me dej\u00f3 contento porque siento que puedo volver a saltar bien, me hab\u00eda costado volver a saltar. Eso no es lejos para m\u00ed, pero es algo decente. Es algo que me da confianza para seguir para arriba\u201d, explic\u00f3.<\/font><\/span><\/p>\n<p><span style=\"font-family: Arial; font-size: 10pt\"><font color=\"#000000\">\u00a0\u00a0 <\/font><\/span><span style=\"font-family: Arial; font-size: 10pt\"><font color=\"#000000\">\u00a0<\/font><\/span> <\/p>\n<p style=\"margin: 0cm 0cm 0pt\" class=\"MsoNormal\"><span style=\"font-family: Arial; font-size: 10pt\"><font color=\"#000000\">El representante chileno Sub-21 aclar\u00f3 que su principal objetivo durante la presente temporada es obtener la clasificaci\u00f3n al Mundial que se realizar\u00e1 en Francia en 2011, lugar en donde espera obtener una gran participaci\u00f3n.<\/font><\/span><\/p>\n<p><span style=\"font-family: Arial; font-size: 10pt\"><font color=\"#000000\">\u00a0\u00a0 <\/font><\/span><span style=\"font-family: Arial; font-size: 10pt\"><font color=\"#000000\">\u00a0<\/font><\/span> <\/p>\n<p style=\"margin: 0cm 0cm 0pt\" class=\"MsoNormal\"><span style=\"font-family: Arial; font-size: 10pt\"><font color=\"#000000\">\u201cQuiero participar en el Torneo Mundial de Francia sub-21. Me tom\u00e9 con calma el verano, no me importaban las marcas que hiciera, s\u00f3lo los resultados en el nacional y adem\u00e1s tener buenos resultados que me permitan disputar el Mundial Sub-21\u201d, coment\u00f3 el medallista latinoamericano.<\/font><\/span><\/p>\n<p style=\"margin: 0cm 0cm 0pt\" class=\"MsoNormal\">&nbsp;<\/p>\n<p style=\"margin: 0cm 0cm 0pt\" class=\"MsoNormal\"><span style=\"font-family: Arial; font-size: 10pt\"><font color=\"#000000\">\u201cEn el Mundial espero quedar entre los diez mejores del torneo en salto y si sigo sinti\u00e9ndome bien en\u00a0slalom espero hacer una buena presentaci\u00f3n, aunque es un lago muy dif\u00edcil\u201d, concluy\u00f3.<\/font><\/span><\/p>\n","protected":false},"excerpt":{"rendered":"<p>El seleccionado nacional igual\u00f3 su mejor marca en Slalom durante la Copa Budapest. \u00a0\u00a0 \u00a0 Pablo Castro fue una de<\/p>\n","protected":false},"author":2,"featured_media":0,"comment_status":"closed","ping_status":"open","sticky":false,"template":"","format":"standard","meta":[],"categories":[1],"tags":[],"_links":{"self":[{"href":"http:\/\/www.esquinautico.cl\/index.php?rest_route=\/wp\/v2\/posts\/1160"}],"collection":[{"href":"http:\/\/www.esquinautico.cl\/index.php?rest_route=\/wp\/v2\/posts"}],"about":[{"href":"http:\/\/www.esquinautico.cl\/index.php?rest_route=\/wp\/v2\/types\/post"}],"author":[{"embeddable":true,"href":"http:\/\/www.esquinautico.cl\/index.php?rest_route=\/wp\/v2\/users\/2"}],"replies":[{"embeddable":true,"href":"http:\/\/www.esquinautico.cl\/index.php?rest_route=%2Fwp%2Fv2%2Fcomments&post=1160"}],"version-history":[{"count":0,"href":"http:\/\/www.esquinautico.cl\/index.php?rest_route=\/wp\/v2\/posts\/1160\/revisions"}],"wp:attachment":[{"href":"http:\/\/www.esquinautico.cl\/index.php?rest_route=%2Fwp%2Fv2%2Fmedia&parent=1160"}],"wp:term":[{"taxonomy":"category","embeddable":true,"href":"http:\/\/www.esquinautico.cl\/index.php?rest_route=%2Fwp%2Fv2%2Fcategories&post=1160"},{"taxonomy":"post_tag","embeddable":true,"href":"http:\/\/www.esquinautico.cl\/index.php?rest_route=%2Fwp%2Fv2%2Ftags&post=1160"}],"curies":[{"name":"wp","href":"https:\/\/api.w.org\/{rel}","templated":true}]}}