{"id":1162,"date":"2011-02-09T15:59:41","date_gmt":"2011-02-09T15:59:41","guid":{"rendered":"http:\/\/www.esquinautico.cl\/nuevo\/?p=1162"},"modified":"2011-02-09T15:59:41","modified_gmt":"2011-02-09T15:59:41","slug":"rodrigo-miranda-%e2%80%9cestoy-mejor-preparado-que-otros-anos%e2%80%9d","status":"publish","type":"post","link":"http:\/\/www.esquinautico.cl\/?p=1162","title":{"rendered":"RODRIGO MIRANDA: \u201cESTOY MEJOR PREPARADO QUE OTROS A\u00d1OS\u201d"},"content":{"rendered":"<p class=\"MsoNormal\"><font color=\"#000000\"><span style=\"font-size: 10pt; font-family: Arial\"><strong>Toti se\u00f1al\u00f3 que espera realizar una buena participaci\u00f3n en el Moomba Masters de Australia y que espera mejorar sus marcas de Slalom y Figuras.<\/strong><\/span><\/font><\/p>\n<p class=\"MsoNormal\">&nbsp;<\/p>\n<p>  <img loading=\"lazy\" src=\"images\/stories\/esquinautico\/dsc_3595.jpg\" border=\"3\" width=\"250\" height=\"300\" align=\"left\" \/><\/p>\n<p class=\"MsoNormal\"><font color=\"#000000\"><span style=\"font-family: Arial; font-size: 13px\" class=\"Apple-style-span\">Rodrigo Miranda se mostr\u00f3 esperanzado en realizar una gran participaci\u00f3n en el Moomba Master que se disputar\u00e1 en Australia durante marzo, en donde espera que su gran estado f\u00edsico y su excelente pretemporada rindan frutos.<\/span><\/font><\/p>\n<p class=\"MsoNormal\"><font color=\"#000000\"><span style=\"font-size: 10pt; font-family: Arial\">\u00a0<\/span><\/font><\/p>\n<p class=\"MsoNormal\"><font color=\"#000000\"><span style=\"font-size: 10pt; font-family: Arial\">\u201cEstoy mejor preparado que los otros a\u00f1os, empec\u00e9 a entrenar todo un mes antes de lo que hab\u00eda hecho los a\u00f1os anteriores. Estoy mejor f\u00edsicamente, aunque en Australia voy a competir s\u00f3lo en Salto y Figura, en Slalom por marca no participo\u201d, dijo el campe\u00f3n Odesur.<\/span><\/font><\/p>\n<p class=\"MsoNormal\"><font color=\"#000000\"><span style=\"font-size: 10pt; font-family: Arial\">\u00a0<\/span><\/font><\/p>\n<p class=\"MsoNormal\"><font color=\"#000000\"><span style=\"font-size: 10pt; font-family: Arial\">\u201cQuiero aprovechar la baja que tienen los deportistas de Estados Unidos y otras partes, quienes reci\u00e9n se encuentran partiendo la temporada y yo me encuentro ya bien avanzado en eso\u201d, a\u00f1adi\u00f3.<\/span><\/font><\/p>\n<p class=\"MsoNormal\"><font color=\"#000000\"><span style=\"font-size: 10pt; font-family: Arial\">\u00a0<\/span><\/font><\/p>\n<p class=\"MsoNormal\"><font color=\"#000000\"><span style=\"font-size: 10pt; font-family: Arial\"><strong>\u201cQuiero mejorar mis marcas\u201d<\/strong><\/span><\/font><\/p>\n<p class=\"MsoNormal\"><font color=\"#000000\"><span style=\"font-size: 10pt; font-family: Arial\">\u00a0<\/span><\/font><\/p>\n<p class=\"MsoNormal\"><font color=\"#000000\"><span style=\"font-size: 10pt; font-family: Arial\">Rodrigo Miranda se impuso en la Copa Budapest gracias a las marcas que realiz\u00f3 en Slalom de 5 boyas a 11,25 metros y en Figuras de 8.830 puntos, pero Toti quiere seguir mejorando sus r\u00e9cord para lograr medallas en los torneos importantes.<\/span><\/font><\/p>\n<p class=\"MsoNormal\"><font color=\"#000000\"><span style=\"font-size: 10pt; font-family: Arial\">\u00a0<\/span><\/font><\/p>\n<p class=\"MsoNormal\"><font color=\"#000000\"><span style=\"font-size: 10pt; font-family: Arial\">\u201cQuiero estar en dos al s\u00e9ptimo para el Mundial y los Juegos Panamericanos. Enero me lo he dedicado a mejorar Slalom m\u00e1s que los otros eventos y eso se reflej\u00f3. Eso me da ganas de seguir haci\u00e9ndolo, ya que tengo posibilidades de mejorar el evento que tengo m\u00e1s malo\u201d, sostuvo Miranda.<\/span><\/font><\/p>\n<p class=\"MsoNormal\"><font color=\"#000000\"><span style=\"font-size: 10pt; font-family: Arial\">\u00a0<\/span><\/font><\/p>\n<p class=\"MsoNormal\"><font color=\"#000000\"><span style=\"font-size: 10pt; font-family: Arial\">\u201cEn Figuras estoy bien, mi idea es estar alrededor de los 9.500 puntos. En la Copa Budapest hice 8.800 porque me ca\u00ed en el \u00faltimo salto, pero de aqu\u00ed a marzo espero subir mis marcas para estar listo para los torneos importantes\u201d, concluy\u00f3.<\/span><\/font><\/p>\n","protected":false},"excerpt":{"rendered":"<p>Toti se\u00f1al\u00f3 que espera realizar una buena participaci\u00f3n en el Moomba Masters de Australia y que espera mejorar sus marcas<\/p>\n","protected":false},"author":2,"featured_media":0,"comment_status":"closed","ping_status":"open","sticky":false,"template":"","format":"standard","meta":[],"categories":[1],"tags":[],"_links":{"self":[{"href":"http:\/\/www.esquinautico.cl\/index.php?rest_route=\/wp\/v2\/posts\/1162"}],"collection":[{"href":"http:\/\/www.esquinautico.cl\/index.php?rest_route=\/wp\/v2\/posts"}],"about":[{"href":"http:\/\/www.esquinautico.cl\/index.php?rest_route=\/wp\/v2\/types\/post"}],"author":[{"embeddable":true,"href":"http:\/\/www.esquinautico.cl\/index.php?rest_route=\/wp\/v2\/users\/2"}],"replies":[{"embeddable":true,"href":"http:\/\/www.esquinautico.cl\/index.php?rest_route=%2Fwp%2Fv2%2Fcomments&post=1162"}],"version-history":[{"count":0,"href":"http:\/\/www.esquinautico.cl\/index.php?rest_route=\/wp\/v2\/posts\/1162\/revisions"}],"wp:attachment":[{"href":"http:\/\/www.esquinautico.cl\/index.php?rest_route=%2Fwp%2Fv2%2Fmedia&parent=1162"}],"wp:term":[{"taxonomy":"category","embeddable":true,"href":"http:\/\/www.esquinautico.cl\/index.php?rest_route=%2Fwp%2Fv2%2Fcategories&post=1162"},{"taxonomy":"post_tag","embeddable":true,"href":"http:\/\/www.esquinautico.cl\/index.php?rest_route=%2Fwp%2Fv2%2Ftags&post=1162"}],"curies":[{"name":"wp","href":"https:\/\/api.w.org\/{rel}","templated":true}]}}