{"id":1164,"date":"2011-02-16T14:36:34","date_gmt":"2011-02-16T14:36:34","guid":{"rendered":"http:\/\/www.esquinautico.cl\/nuevo\/?p=1164"},"modified":"2011-02-16T14:36:34","modified_gmt":"2011-02-16T14:36:34","slug":"nicolas-desgroux-%e2%80%9cquiero-batir-el-record-de-chile%e2%80%9d","status":"publish","type":"post","link":"http:\/\/www.esquinautico.cl\/?p=1164","title":{"rendered":"NICOL\u00c1S DESGROUX: \u201cQUIERO BATIR EL R\u00c9CORD DE CHILE\u201d"},"content":{"rendered":"<p style=\"line-height: normal; margin: 0cm 0cm 0pt\" class=\"MsoNormal\"><span style=\"font-family: 'Arial','sans-serif'; font-size: 10pt\"><font color=\"#000000\"><strong>\u00abChimpi\u00bb se\u00f1al\u00f3 que ama el esqu\u00ed n\u00e1utico y que espera superar el r\u00e9cord de menores que mantienen Emile Ritter y Diego Gonz\u00e1lez.<\/strong><\/font><\/span><\/p>\n<p>\u00a0<span style=\"font-family: 'Arial','sans-serif'; font-size: 10pt\"><font color=\"#000000\">\u00a0<\/font><\/span> <\/p>\n<p style=\"line-height: normal; margin: 0cm 0cm 0pt\" class=\"MsoNormal\"><span style=\"font-family: 'Arial','sans-serif'; font-size: 10pt\"><font color=\"#000000\"><img loading=\"lazy\" src=\"images\/stories\/esquinautico\/dsc_4273.jpg\" border=\"3\" width=\"250\" height=\"324\" align=\"left\" \/>Nicol\u00e1s Desgroux, una de las grandes promesas nacionales del esqu\u00ed n\u00e1utico, se\u00f1al\u00f3 que ama este deporte y que uno de sus objetivos m\u00e1s importantes para el comienzo de su carrera es batir el r\u00e9cord de Chile de slalom en la categor\u00eda menores.<\/font><\/span><\/p>\n<p>\u00a0<span style=\"font-family: 'Arial','sans-serif'; font-size: 10pt\"><font color=\"#000000\">\u00a0<\/font><\/span><span style=\"font-family: 'Arial','sans-serif'; font-size: 10pt\"><font color=\"#000000\"><span>\u00a0<\/span><\/font><\/span><\/p>\n<p><span style=\"font-family: 'Arial','sans-serif'; font-size: 10pt\"><font color=\"#000000\">\u201cLa medalla que obtuve en Colombia me dej\u00f3 muy motivado, lo pas\u00e9 muy bien y quiero conquistar el r\u00e9cord de Chile. Me quedan tres campeonatos para batirlo y creo que puedo hacerlo. Tengo que hacer 3 boyas m\u00e1s antes que cumpla 14 a\u00f1os\u201d, se\u00f1al\u00f3 el promisorio esquiador.<\/font><\/span><span style=\"font-family: 'Arial','sans-serif'; font-size: 10pt\"><font color=\"#000000\"> <\/font><\/span><span style=\"font-family: 'Arial','sans-serif'; font-size: 10pt\"><font color=\"#000000\"><\/p>\n<p>&nbsp;<\/p>\n<p><\/font><\/span><\/p>\n<p style=\"line-height: normal; margin: 0cm 0cm 0pt\" class=\"MsoNormal\"><span style=\"font-family: 'Arial','sans-serif'; font-size: 10pt\"><font color=\"#000000\">\u201cChimpi\u201d, apodo del joven de 13 a\u00f1os,<span>\u00a0 <\/span>coment\u00f3 que desea trasladarse a Santiago para tener m\u00e1s tiempo para entrenar y que espera superar en el corto plazo la quinto recorte de cuerda en slalom.<\/font><\/span><span style=\"font-family: 'Arial','sans-serif'; font-size: 10pt\"><font color=\"#000000\">\u00a0<\/font><\/span><\/p>\n<p>&nbsp;<\/p>\n<p style=\"line-height: normal; margin: 0cm 0cm 0pt\" class=\"MsoNormal\"><span style=\"font-family: 'Arial','sans-serif'; font-size: 10pt\"><font color=\"#000000\">\u201cQuiero estar m\u00e1s cerca para esquiar, mi pap\u00e1 tambi\u00e9n quiere que practique este deporte, pero mi mam\u00e1 no quiere. Yo estoy enamorado del esqu\u00ed n\u00e1utico y mi primera meta es pasar al quinto recorte en slalom\u201d, explic\u00f3 el antofagastino.<\/font><\/span><\/p>\n<p style=\"line-height: normal; margin: 0cm 0cm 0pt\" class=\"MsoNormal\">&nbsp;<\/p>\n<p style=\"line-height: normal; margin: 0cm 0cm 0pt\" class=\"MsoNormal\">&nbsp;<\/p>\n<p style=\"line-height: normal; margin: 0cm 0cm 0pt\" class=\"MsoNormal\"><span style=\"font-family: 'Arial','sans-serif'; font-size: 10pt\"><font color=\"#000000\">Desgroux realiz\u00f3 una gran competencia durante la Copa Budapest, en donde hizo cinco boyas al cuarto recorte, mejorando enormemente su r\u00e9cord personal de cuatro boyas al tercer corte, y se\u00f1al\u00f3 que su pr\u00f3xima competencia ser\u00e1 en Chacabuco el 26 de febrero.<\/font><\/span><\/p>\n<p style=\"line-height: normal; margin: 0cm 0cm 0pt\" class=\"MsoNormal\">&nbsp;<\/p>\n<p style=\"line-height: normal; margin: 0cm 0cm 0pt\" class=\"MsoNormal\">&nbsp;<\/p>\n<p style=\"line-height: normal; margin: 0cm 0cm 0pt\" class=\"MsoNormal\"><span style=\"font-family: 'Arial','sans-serif'; font-size: 10pt\"><font color=\"#000000\">\u201cEstoy viviendo en Antofagasta, pero durante todo enero estuve en Santiago entrenando, en febrero me voy de nuevo a Antofagasta a hacer entrenamiento f\u00edsico y me devuelvo como el 20 a Santiago para prepararme para un torneo en Chacabuco\u201d, concluy\u00f3.<\/font><\/span><\/p>\n","protected":false},"excerpt":{"rendered":"<p>\u00abChimpi\u00bb se\u00f1al\u00f3 que ama el esqu\u00ed n\u00e1utico y que espera superar el r\u00e9cord de menores que mantienen Emile Ritter y<\/p>\n","protected":false},"author":2,"featured_media":0,"comment_status":"closed","ping_status":"open","sticky":false,"template":"","format":"standard","meta":[],"categories":[1],"tags":[],"_links":{"self":[{"href":"http:\/\/www.esquinautico.cl\/index.php?rest_route=\/wp\/v2\/posts\/1164"}],"collection":[{"href":"http:\/\/www.esquinautico.cl\/index.php?rest_route=\/wp\/v2\/posts"}],"about":[{"href":"http:\/\/www.esquinautico.cl\/index.php?rest_route=\/wp\/v2\/types\/post"}],"author":[{"embeddable":true,"href":"http:\/\/www.esquinautico.cl\/index.php?rest_route=\/wp\/v2\/users\/2"}],"replies":[{"embeddable":true,"href":"http:\/\/www.esquinautico.cl\/index.php?rest_route=%2Fwp%2Fv2%2Fcomments&post=1164"}],"version-history":[{"count":0,"href":"http:\/\/www.esquinautico.cl\/index.php?rest_route=\/wp\/v2\/posts\/1164\/revisions"}],"wp:attachment":[{"href":"http:\/\/www.esquinautico.cl\/index.php?rest_route=%2Fwp%2Fv2%2Fmedia&parent=1164"}],"wp:term":[{"taxonomy":"category","embeddable":true,"href":"http:\/\/www.esquinautico.cl\/index.php?rest_route=%2Fwp%2Fv2%2Fcategories&post=1164"},{"taxonomy":"post_tag","embeddable":true,"href":"http:\/\/www.esquinautico.cl\/index.php?rest_route=%2Fwp%2Fv2%2Ftags&post=1164"}],"curies":[{"name":"wp","href":"https:\/\/api.w.org\/{rel}","templated":true}]}}