{"id":1166,"date":"2011-02-21T21:57:28","date_gmt":"2011-02-21T21:57:28","guid":{"rendered":"http:\/\/www.esquinautico.cl\/nuevo\/?p=1166"},"modified":"2011-02-21T21:57:28","modified_gmt":"2011-02-21T21:57:28","slug":"torneo-amateur-tendra-mas-competidores","status":"publish","type":"post","link":"http:\/\/www.esquinautico.cl\/?p=1166","title":{"rendered":"TORNEO AMATEUR TENDR\u00c1 M\u00c1S COMPETIDORES"},"content":{"rendered":"<p style=\"margin: 0cm 0cm 0pt\" class=\"MsoNormal\"><font color=\"#000000\"><strong><span style=\"font-family: Arial; font-size: 10pt\">La Federaci\u00f3n<\/span><span style=\"font-family: Arial; font-size: 10pt\"> de Esqu\u00ed N\u00e1utico de Chile decidi\u00f3 a\u00f1adir un d\u00eda m\u00e1s al campeonato para que participen m\u00e1s deportistas.<\/span><\/strong><\/font><\/p>\n<p>\u00a0<span style=\"font-family: Arial; font-size: 10pt\"><font color=\"#000000\">\u00a0<\/font><\/span> <\/p>\n<p style=\"margin: 0cm 0cm 0pt\" class=\"MsoNormal\"><font color=\"#000000\"><span style=\"font-family: Arial; font-size: 10pt\"><img loading=\"lazy\" src=\"images\/stories\/esquinautico\/logo%20torneo%20amateur.jpg\" border=\"0\" width=\"250\" height=\"150\" align=\"left\" \/>La Federaci\u00f3n<\/span><span style=\"font-family: Arial; font-size: 10pt\"> de Esqu\u00ed N\u00e1utico de Chile decidi\u00f3 a\u00f1adir un d\u00eda m\u00e1s de competencia al I Torneo Amateur debido a la gran cantidad de deportistas que no han perdido la esperanza de disputar el certamen.<\/span><\/font><\/p>\n<p style=\"margin: 0cm 0cm 0pt\" class=\"MsoNormal\"><font color=\"#000000\"><span style=\"font-family: Arial; font-size: 10pt\">\u00a0\u00a0\u00a0\u00a0\u00a0\u00a0\u00a0\u00a0\u00a0 <\/span><\/font><\/p>\n<p><font color=\"#000000\"><\/font><span style=\"font-family: Arial; font-size: 10pt\"><font color=\"#000000\">Es por eso que el campeonato comenzar\u00e1 el viernes 11 de marzo a partir de las 13:00 horas, fecha en la cual competir\u00e1n todos aquellos esquiadores que paguen su cuota (definida en $ 17.500 para febrero y $ 20.000 para marzo) y que todav\u00eda no han alcanzado un cupo.<\/font><\/span><span style=\"font-family: Arial; font-size: 10pt\"><font color=\"#000000\"> <\/font><\/span><span style=\"font-family: Arial; font-size: 10pt\"><\/span><span style=\"font-family: Arial; font-size: 10pt\"><font color=\"#000000\"><\/p>\n<p style=\"margin: 0cm 0cm 0pt\" class=\"MsoNormal\">&nbsp;<\/p>\n<p style=\"margin: 0cm 0cm 0pt\" class=\"MsoNormal\"><span style=\"font-family: Arial; font-size: 10pt\"><font color=\"#000000\">Los participantes que se inscribieron con anterioridad continuaran con el procedimiento normal del torneo, es decir, los d\u00edas 12 y 13 de marzo (aunque el horario de inicio se adelantar\u00e1 a las 08:00 horas). Adem\u00e1s, los deportistas pueden solicitar que su participaci\u00f3n comience el d\u00eda viernes 11.<\/font><\/span><\/p>\n<p><\/font><\/span><\/p>\n<p style=\"margin: 0cm 0cm 0pt\" class=\"MsoNormal\">&nbsp;<\/p>\n<p style=\"margin: 0cm 0cm 0pt\" class=\"MsoNormal\"><span style=\"font-family: Arial; font-size: 10pt\"><font color=\"#000000\"><strong>Programa:<\/strong><\/font><\/span>\u00a0 <\/p>\n<ol>\n<li>\n<div class=\"MsoNormal\" style=\"margin: 0cm 0cm 0pt\"><span style=\"font-family: Arial; font-size: 10pt\"><font color=\"#000000\"><em>Ronda preliminar para inscritos por aumento de cupos<\/em> (Viernes 11 de marzo a las 13:00 horas) <\/font><\/span><\/div>\n<\/li>\n<li><span style=\"font-family: Arial; font-size: 10pt\"><font color=\"#000000\"><em>Ronda preliminar para inscritos por cupos normales<\/em> (S\u00e1bado 12 de Marzo a las 8:00 horas)<\/font><\/span><\/li>\n<li>\n<div class=\"MsoNormal\" style=\"margin: 0cm 0cm 0pt\"><span style=\"font-family: Arial; font-size: 10pt\"><font color=\"#000000\"><em>Ronda preliminar para inscritos por cupos normales y Ronda final para todos los clasificados.<\/em> (Domingo 13 de Marzo a las 8:00 horas)<\/font><\/span><\/div>\n<\/li>\n<\/ol>\n","protected":false},"excerpt":{"rendered":"<p>La Federaci\u00f3n de Esqu\u00ed N\u00e1utico de Chile decidi\u00f3 a\u00f1adir un d\u00eda m\u00e1s al campeonato para que participen m\u00e1s deportistas. \u00a0\u00a0<\/p>\n","protected":false},"author":2,"featured_media":0,"comment_status":"closed","ping_status":"open","sticky":false,"template":"","format":"standard","meta":[],"categories":[1],"tags":[],"_links":{"self":[{"href":"http:\/\/www.esquinautico.cl\/index.php?rest_route=\/wp\/v2\/posts\/1166"}],"collection":[{"href":"http:\/\/www.esquinautico.cl\/index.php?rest_route=\/wp\/v2\/posts"}],"about":[{"href":"http:\/\/www.esquinautico.cl\/index.php?rest_route=\/wp\/v2\/types\/post"}],"author":[{"embeddable":true,"href":"http:\/\/www.esquinautico.cl\/index.php?rest_route=\/wp\/v2\/users\/2"}],"replies":[{"embeddable":true,"href":"http:\/\/www.esquinautico.cl\/index.php?rest_route=%2Fwp%2Fv2%2Fcomments&post=1166"}],"version-history":[{"count":0,"href":"http:\/\/www.esquinautico.cl\/index.php?rest_route=\/wp\/v2\/posts\/1166\/revisions"}],"wp:attachment":[{"href":"http:\/\/www.esquinautico.cl\/index.php?rest_route=%2Fwp%2Fv2%2Fmedia&parent=1166"}],"wp:term":[{"taxonomy":"category","embeddable":true,"href":"http:\/\/www.esquinautico.cl\/index.php?rest_route=%2Fwp%2Fv2%2Fcategories&post=1166"},{"taxonomy":"post_tag","embeddable":true,"href":"http:\/\/www.esquinautico.cl\/index.php?rest_route=%2Fwp%2Fv2%2Ftags&post=1166"}],"curies":[{"name":"wp","href":"https:\/\/api.w.org\/{rel}","templated":true}]}}