{"id":1168,"date":"2011-02-24T02:38:50","date_gmt":"2011-02-24T02:38:50","guid":{"rendered":"http:\/\/www.esquinautico.cl\/nuevo\/?p=1168"},"modified":"2011-02-24T02:38:50","modified_gmt":"2011-02-24T02:38:50","slug":"talento-y-ganas-de-sobra","status":"publish","type":"post","link":"http:\/\/www.esquinautico.cl\/?p=1168","title":{"rendered":"TALENTO Y GANAS DE SOBRA"},"content":{"rendered":"<p><!--[if gte mso 9]><xml>  <w:WordDocument>   <w:View>Normal<\/w:View>   <w:Zoom>0<\/w:Zoom>   <w:HyphenationZone>21<\/w:HyphenationZone>   <w:PunctuationKerning\/>   <w:ValidateAgainstSchemas\/>   <w:SaveIfXMLInvalid>false<\/w:SaveIfXMLInvalid>   <w:IgnoreMixedContent>false<\/w:IgnoreMixedContent>   <w:AlwaysShowPlaceholderText>false<\/w:AlwaysShowPlaceholderText>   <w:Compatibility>    <w:BreakWrappedTables\/>    <w:SnapToGridInCell\/>    <w:WrapTextWithPunct\/>    <w:UseAsianBreakRules\/>    <w:DontGrowAutofit\/>   <\/w:Compatibility>   <w:BrowserLevel>MicrosoftInternetExplorer4<\/w:BrowserLevel>  <\/w:WordDocument> <\/xml><![endif]--><!--[if gte mso 9]><xml>  <w:LatentStyles DefLockedState=\"false\" LatentStyleCount=\"156\">  <\/w:LatentStyles> <\/xml><![endif]--><!--[if !mso]>\n\n<div   classid=\"clsid:38481807-CA0E-42D2-BF39-B33AF135CC4D\" id=ieooui><\/div>\n\n \n\n<style> st1:*{behavior:url(#ieooui) } <\/style>\n\n <![endif]--><!--[if gte mso 10]> \n\n<style>  \/* Style Definitions *\/  table.MsoNormalTable \t{mso-style-name:\"Tabla normal\"; \tmso-tstyle-rowband-size:0; \tmso-tstyle-colband-size:0; \tmso-style-noshow:yes; \tmso-style-parent:\"\"; \tmso-padding-alt:0cm 5.4pt 0cm 5.4pt; \tmso-para-margin:0cm; \tmso-para-margin-bottom:.0001pt; \tmso-pagination:widow-orphan; \tfont-size:10.0pt; \tfont-family:\"Times New Roman\"; \tmso-ansi-language:#0400; \tmso-fareast-language:#0400; \tmso-bidi-language:#0400;} <\/style>\n\n <![endif]-->  <\/p>\n<p class=\"MsoNormal\"><font color=\"#000000\"><span style=\"font-size: 10pt; font-family: Arial; color: black\"><strong>Con apenas 11 a\u00f1os, Macarena, la m\u00e1s peque\u00f1a de la familia Naser, debut\u00f3 oficialmente en las competencias del esqu\u00ed n\u00e1utico chileno.<\/strong> <\/span><\/font><\/p>\n<p class=\"MsoNormal\"><span style=\"font-size: 10pt; font-family: Arial; color: black\">\u00a0<\/span><\/p>\n<p class=\"MsoNormal\"><img loading=\"lazy\" src=\"images\/stories\/esquinautico\/maca.jpg\" border=\"0\" width=\"250\" height=\"268\" align=\"left\" \/><font color=\"#000000\"><span style=\"font-size: 10pt; font-family: Arial; color: black\">Un debut muy prometedor fue el que tuvo la peque\u00f1a Macarena Naser, quien en la copa MirandaSki se decidi\u00f3 y tras mucho tiempo de ensayos tom\u00f3 parte de una competencia oficial en el esqu\u00ed n\u00e1utico chileno.<\/span><\/font><\/p>\n<p class=\"MsoNormal\"><span style=\"font-size: 10pt; font-family: Arial; color: black\">\u00a0<\/span><\/p>\n<p class=\"MsoNormal\"><font color=\"#000000\"><span style=\"font-size: 10pt; font-family: Arial; color: black\">Acompa\u00f1ada de toda su familia \u2013incluido su abuelo materno quien no dej\u00f3 de aplaudirla- la m\u00e1s peque\u00f1a del clan Naser sali\u00f3 del muelle y demostr\u00f3 que el talento en el agua es algo que lleva en la sangre.<\/span><\/font><\/p>\n<p class=\"MsoNormal\"><span style=\"font-size: 10pt; font-family: Arial; color: black\">\u00a0<\/span><\/p>\n<p class=\"MsoNormal\"><font color=\"#000000\"><span style=\"font-size: 10pt; font-family: Arial; color: black\">Una marca de 580 puntos en figuras y 5 boyas a 49 kil\u00f3metros por hora en slalom marcaron el estreno de la esquiadora, quien con apenas 11 a\u00f1os ya sue\u00f1a con grandes cosas en el deporte de la lancha y la cuerda.<\/span><\/font><\/p>\n<p class=\"MsoNormal\"><font color=\"#000000\"><span style=\"font-size: 10pt; font-family: Arial; color: black\">\u00a0<\/span><\/font><\/p>\n<p class=\"MsoNormal\"><font color=\"#000000\"><span style=\"font-size: 10pt; font-family: Arial; color: black\">\u201cMe gusta mucho el esqu\u00ed. Me divierto mucho y me gusta pasar boyas. Es entretenido competir y ganar\u201d dijo tras su primera actuaci\u00f3n oficial en Los Morros la futura campeona.<\/span><\/font><\/p>\n<p class=\"MsoNormal\"><font color=\"#000000\"><span style=\"font-size: 10pt; font-family: Arial; color: black\">\u00a0<\/span><\/font><\/p>\n<p class=\"MsoNormal\"><font color=\"#000000\"><span style=\"font-size: 10pt; font-family: Arial; color: black\">Quien no pod\u00eda ocultar su orgullo era su abuelo Sergio Hizmeri, quien con emoci\u00f3n record\u00f3 las primeras experiencias de Macarena en el esqu\u00ed \u201cDesde que era muy chica y durante los veranos nos \u00edbamos a esquiar d\u00edas completos en los lagos del sur. Ser\u00e1 una gran deportista\u201d asegur\u00f3.<\/span><\/font><\/p>\n<p class=\"MsoNormal\"><font color=\"#000000\"><span style=\"font-size: 10pt; font-family: Arial; color: black\">\u00a0<\/span><\/font><\/p>\n<p class=\"MsoNormal\"><font color=\"#000000\"><span style=\"font-size: 10pt; font-family: Arial; color: black\">No cabe duda, el esqu\u00ed n\u00e1utico chileno captur\u00f3 un nuevo talento. Y tal como ha ocurrido en casi todos los casos, la familia nuevamente ha sido fundamental. <\/span><\/font><\/p>\n","protected":false},"excerpt":{"rendered":"<p>Con apenas 11 a\u00f1os, Macarena, la m\u00e1s peque\u00f1a de la familia Naser, debut\u00f3 oficialmente en las competencias del esqu\u00ed n\u00e1utico<\/p>\n","protected":false},"author":2,"featured_media":0,"comment_status":"closed","ping_status":"open","sticky":false,"template":"","format":"standard","meta":[],"categories":[1],"tags":[],"_links":{"self":[{"href":"http:\/\/www.esquinautico.cl\/index.php?rest_route=\/wp\/v2\/posts\/1168"}],"collection":[{"href":"http:\/\/www.esquinautico.cl\/index.php?rest_route=\/wp\/v2\/posts"}],"about":[{"href":"http:\/\/www.esquinautico.cl\/index.php?rest_route=\/wp\/v2\/types\/post"}],"author":[{"embeddable":true,"href":"http:\/\/www.esquinautico.cl\/index.php?rest_route=\/wp\/v2\/users\/2"}],"replies":[{"embeddable":true,"href":"http:\/\/www.esquinautico.cl\/index.php?rest_route=%2Fwp%2Fv2%2Fcomments&post=1168"}],"version-history":[{"count":0,"href":"http:\/\/www.esquinautico.cl\/index.php?rest_route=\/wp\/v2\/posts\/1168\/revisions"}],"wp:attachment":[{"href":"http:\/\/www.esquinautico.cl\/index.php?rest_route=%2Fwp%2Fv2%2Fmedia&parent=1168"}],"wp:term":[{"taxonomy":"category","embeddable":true,"href":"http:\/\/www.esquinautico.cl\/index.php?rest_route=%2Fwp%2Fv2%2Fcategories&post=1168"},{"taxonomy":"post_tag","embeddable":true,"href":"http:\/\/www.esquinautico.cl\/index.php?rest_route=%2Fwp%2Fv2%2Ftags&post=1168"}],"curies":[{"name":"wp","href":"https:\/\/api.w.org\/{rel}","templated":true}]}}