{"id":1169,"date":"2011-02-27T22:30:36","date_gmt":"2011-02-27T22:30:36","guid":{"rendered":"http:\/\/www.esquinautico.cl\/nuevo\/?p=1169"},"modified":"2011-02-27T22:30:36","modified_gmt":"2011-02-27T22:30:36","slug":"pipe-trituro-el-sexto-en-chacabuco","status":"publish","type":"post","link":"http:\/\/www.esquinautico.cl\/?p=1169","title":{"rendered":"PIPE TRITUR\u00d3 EL SEXTO EN CHACABUCO"},"content":{"rendered":"<p><!--[if gte mso 9]><xml>  <w:WordDocument>   <w:View>Normal<\/w:View>   <w:Zoom>0<\/w:Zoom>   <w:HyphenationZone>21<\/w:HyphenationZone>   <w:PunctuationKerning\/>   <w:ValidateAgainstSchemas\/>   <w:SaveIfXMLInvalid>false<\/w:SaveIfXMLInvalid>   <w:IgnoreMixedContent>false<\/w:IgnoreMixedContent>   <w:AlwaysShowPlaceholderText>false<\/w:AlwaysShowPlaceholderText>   <w:Compatibility>    <w:BreakWrappedTables\/>    <w:SnapToGridInCell\/>    <w:WrapTextWithPunct\/>    <w:UseAsianBreakRules\/>    <w:DontGrowAutofit\/>   <\/w:Compatibility>   <w:BrowserLevel>MicrosoftInternetExplorer4<\/w:BrowserLevel>  <\/w:WordDocument> <\/xml><![endif]--><!--[if gte mso 9]><xml>  <w:LatentStyles DefLockedState=\"false\" LatentStyleCount=\"156\">  <\/w:LatentStyles> <\/xml><![endif]--><!--[if !mso]>\n\n<div   classid=\"clsid:38481807-CA0E-42D2-BF39-B33AF135CC4D\" id=ieooui><\/div>\n\n \n\n<style> st1:*{behavior:url(#ieooui) } <\/style>\n\n <![endif]--><!--[if gte mso 10]> \n\n<style>  \/* Style Definitions *\/  table.MsoNormalTable \t{mso-style-name:\"Tabla normal\"; \tmso-tstyle-rowband-size:0; \tmso-tstyle-colband-size:0; \tmso-style-noshow:yes; \tmso-style-parent:\"\"; \tmso-padding-alt:0cm 5.4pt 0cm 5.4pt; \tmso-para-margin:0cm; \tmso-para-margin-bottom:.0001pt; \tmso-pagination:widow-orphan; \tfont-size:10.0pt; \tfont-family:\"Times New Roman\"; \tmso-ansi-language:#0400; \tmso-fareast-language:#0400; \tmso-bidi-language:#0400;} <\/style>\n\n <![endif]-->  <\/p>\n<p class=\"MsoNormal\"><font color=\"#000000\"><strong><span style=\"font-size: 10pt; font-family: Arial\">Con una excelente marca de 2 \u00bd boyas al s\u00e9ptimo recorte, Felipe Miranda se impuso en la final de slalom en la Copa Chacabuco<\/span><\/strong><\/font><\/p>\n<p style=\"text-align: center\" class=\"MsoNormal\" align=\"center\"><span style=\"font-size: 10pt; font-family: Arial\">\u00a0<\/span><\/p>\n<p style=\"text-align: justify\" class=\"MsoNormal\" align=\"left\"><img loading=\"lazy\" src=\"images\/stories\/esquinautico\/dsc_3404.jpg\" border=\"0\" width=\"250\" height=\"318\" align=\"left\" \/><font color=\"#000000\"><span style=\"font-size: 10pt; font-family: Arial\">Con una estupenda marca de 2 \u00bd boyas a 10,75 metros, Felipe Miranda se adjudic\u00f3 este fin de semana la final de slalom de la Copa Chacabuco y se instal\u00f3 de paso como uno de los firmes candidatos a coronarse campe\u00f3n de la especialidad en el Campeonato Nacional que se disputar\u00e1 a fines de marzo.<\/span><\/font><\/p>\n<div align=\"left\">  <\/div>\n<p class=\"MsoNormal\" align=\"left\"><font color=\"#000000\"><span style=\"font-size: 10pt; font-family: Arial\">\u00a0<\/span><\/font><\/p>\n<div align=\"left\">  <\/div>\n<p style=\"text-align: justify\" class=\"MsoNormal\" align=\"left\"><font color=\"#000000\"><span style=\"font-size: 10pt; font-family: Arial\">Con la impronta de un campe\u00f3n mundial, el ex monarca planetario juvenil y sub21 logr\u00f3 pasar las seis boyas en la cancha de 11,25 metros de cuerda, lo que le permiti\u00f3 acceder al casi inexplorado s\u00e9ptimo ajuste, donde apelando a su reconocida garra y talento logr\u00f3 esquivar otras 2 y media boyas.<\/span><\/font><\/p>\n<p style=\"text-align: justify\" class=\"MsoNormal\"><font color=\"#000000\"><span style=\"font-size: 10pt; font-family: Arial\">\u00a0<\/span><\/font><\/p>\n<p style=\"text-align: justify\" class=\"MsoNormal\"><font color=\"#000000\"><span style=\"font-size: 10pt; font-family: Arial\">\u201cEs un gran paso. Hace mucho tiempo que le vengo tomando la mano al sexto recorte y creo que est\u00e1 llegando el momento que lo empiece a pasar en los torneos oficiales. Hoy se dio y creo que puede ser el comienzo de muchas pasadas en esta cancha\u201d dijo el seleccionado nacional.<\/span><\/font><\/p>\n<p style=\"text-align: justify\" class=\"MsoNormal\"><font color=\"#000000\"><span style=\"font-size: 10pt; font-family: Arial\">\u00a0<\/span><\/font><\/p>\n<p style=\"text-align: justify\" class=\"MsoNormal\"><font color=\"#000000\"><span style=\"font-size: 10pt; font-family: Arial\">El mismo Felipe Miranda es el poseedor del r\u00e9cord nacional en esta prueba con 5 boyas a 10,75 metros. \u201cClaro que es atractivo pensar en romper ese r\u00e9cord. En mi mente est\u00e1 instalado el s\u00e9ptimo recorte y espero de aqu\u00ed a fin de temporada poder pasarlo completamente\u201d dijo el medallista panamericano.<\/span><\/font><\/p>\n<p style=\"text-align: justify\" class=\"MsoNormal\"><font color=\"#000000\"><span style=\"font-size: 10pt; font-family: Arial\">\u00a0<\/span><\/font><\/p>\n<p style=\"text-align: justify\" class=\"MsoNormal\"><font color=\"#000000\"><span style=\"font-size: 10pt; font-family: Arial\">Acompa\u00f1aron en el podio de slalom a Felipe Miranda, con 4 boyas a 11,25 metros, Rodolfo Guzm\u00e1n y Rodrigo Miranda; este \u00faltimo, adem\u00e1s, se adjudic\u00f3 la final de figuras con 8.830 unidades.<\/span><\/font><\/p>\n<p style=\"text-align: justify\" class=\"MsoNormal\"><font color=\"#000000\"><span style=\"font-size: 10pt; font-family: Arial\">\u00a0<\/span><\/font><\/p>\n<p style=\"text-align: justify\" class=\"MsoNormal\"><font color=\"#000000\"><span style=\"font-size: 10pt; font-family: Arial\">Con la disputa de la Copa Chacabuco finalizaron los torneos preparatorios para el gran Campeonato Nacional 2011, que se disputar\u00e1 el s\u00e1bado 26 y domingo 27 de marzo en el lago Los Morros de San Bernardo.<\/span><\/font><\/p>\n<p style=\"text-align: justify\" class=\"MsoNormal\"><font color=\"#000000\"><span style=\"font-size: 10pt; font-family: Arial\">\u00a0<\/span><\/font><\/p>\n<p style=\"text-align: justify\" class=\"MsoNormal\"><font color=\"#000000\"><span style=\"font-size: 10pt; font-family: Arial\">Otros ganadores de la fecha en slalom fueron Ra\u00fal Duhalde y Robert Ritter en senior con 2 boyas a 12 metros; Graciela Desgroux en senior damas con 2 boyas a 18 metros.<\/span><\/font><\/p>\n<p style=\"text-align: justify\" class=\"MsoNormal\"><font color=\"#000000\"><span style=\"font-size: 10pt; font-family: Arial\">\u00a0<\/span><\/font><\/p>\n<p style=\"text-align: justify\" class=\"MsoNormal\"><font color=\"#000000\"><span style=\"font-size: 10pt; font-family: Arial\">En infantil destacaron Macarena Naser con 4 \u00bd boyas a 43 k\/h y Angelo Debarbieri con 1 \u00bc a 16 metros. En juvenil el triunfo fue para Nicole Naser con 4 boyas a 13 metros y en Primera Categor\u00eda venci\u00f3 Roc\u00edo Almuna con 3 boyas a 16 metros.<\/span><\/font><\/p>\n<p style=\"text-align: justify\" class=\"MsoNormal\"><font color=\"#000000\"><span style=\"font-size: 10pt; font-family: Arial\">\u00a0<\/span><\/font><\/p>\n<p style=\"text-align: justify\" class=\"MsoNormal\"><font color=\"#000000\"><span style=\"font-size: 10pt; font-family: Arial\">En figuras, en tanto, Nicole Naser se qued\u00f3 con el primer lugar en juvenil con 5.280 puntos y Robert Ritter gan\u00f3 en senior con 2.650 unidades.<\/span><\/font><\/p>\n","protected":false},"excerpt":{"rendered":"<p>Con una excelente marca de 2 \u00bd boyas al s\u00e9ptimo recorte, Felipe Miranda se impuso en la final de slalom<\/p>\n","protected":false},"author":2,"featured_media":0,"comment_status":"closed","ping_status":"open","sticky":false,"template":"","format":"standard","meta":[],"categories":[1],"tags":[],"_links":{"self":[{"href":"http:\/\/www.esquinautico.cl\/index.php?rest_route=\/wp\/v2\/posts\/1169"}],"collection":[{"href":"http:\/\/www.esquinautico.cl\/index.php?rest_route=\/wp\/v2\/posts"}],"about":[{"href":"http:\/\/www.esquinautico.cl\/index.php?rest_route=\/wp\/v2\/types\/post"}],"author":[{"embeddable":true,"href":"http:\/\/www.esquinautico.cl\/index.php?rest_route=\/wp\/v2\/users\/2"}],"replies":[{"embeddable":true,"href":"http:\/\/www.esquinautico.cl\/index.php?rest_route=%2Fwp%2Fv2%2Fcomments&post=1169"}],"version-history":[{"count":0,"href":"http:\/\/www.esquinautico.cl\/index.php?rest_route=\/wp\/v2\/posts\/1169\/revisions"}],"wp:attachment":[{"href":"http:\/\/www.esquinautico.cl\/index.php?rest_route=%2Fwp%2Fv2%2Fmedia&parent=1169"}],"wp:term":[{"taxonomy":"category","embeddable":true,"href":"http:\/\/www.esquinautico.cl\/index.php?rest_route=%2Fwp%2Fv2%2Fcategories&post=1169"},{"taxonomy":"post_tag","embeddable":true,"href":"http:\/\/www.esquinautico.cl\/index.php?rest_route=%2Fwp%2Fv2%2Ftags&post=1169"}],"curies":[{"name":"wp","href":"https:\/\/api.w.org\/{rel}","templated":true}]}}