{"id":1170,"date":"2011-02-28T16:28:44","date_gmt":"2011-02-28T16:28:44","guid":{"rendered":"http:\/\/www.esquinautico.cl\/nuevo\/?p=1170"},"modified":"2011-02-28T16:28:44","modified_gmt":"2011-02-28T16:28:44","slug":"waldo-miranda-%e2%80%9cel-nivel-del-esqui-nautico-chileno-es-excelente%e2%80%9d","status":"publish","type":"post","link":"http:\/\/www.esquinautico.cl\/?p=1170","title":{"rendered":"WALDO MIRANDA: \u201cEL NIVEL DEL ESQU\u00cd N\u00c1UTICO CHILENO ES EXCELENTE\u201d"},"content":{"rendered":"<p><span style=\"font-family: Arial; font-size: 10pt\"><font color=\"#000000\"><span style=\"font-family: Arial; font-size: 10pt\"><strong>El Presidente de la Federaci\u00f3n de Esqu\u00ed N\u00e1utico de Chile analiz\u00f3 el buen presente del deporte en nuestro pa\u00eds.<\/strong><\/span><\/font><\/span><\/p>\n<p><span style=\"font-family: Arial; font-size: 10pt\"><font color=\"#000000\"><span style=\"font-family: Arial; font-size: 10pt\"><strong>\u00a0\u00a0\u00a0\u00a0\u00a0\u00a0\u00a0\u00a0\u00a0\u00a0\u00a0\u00a0\u00a0 <\/strong><\/span><\/font><\/span><\/p>\n<p><span style=\"font-family: Arial; font-size: 10pt\"><font color=\"#000000\"><img loading=\"lazy\" src=\"images\/stories\/esquinautico\/waldo%20miranda.jpg\" border=\"3\" width=\"250\" height=\"346\" align=\"left\" \/>El Presidente de la Federaci\u00f3n de Esqu\u00ed N\u00e1utico de Chile, Waldo Miranda, se mostr\u00f3 muy contento por el gran nivel que tiene en la actualidad el deporte de la lancha y la cuerda y porque est\u00e1n apareciendo nuevas figuras j\u00f3venes que hacen que el pa\u00eds sea m\u00e1s competitivo.<\/font><\/span><\/p>\n<p style=\"margin: 0cm 0cm 0pt\" class=\"MsoNormal\">&nbsp;<\/p>\n<p><span style=\"font-family: Arial; font-size: 10pt\"><font color=\"#000000\">\u201cEncuentro extraordinario que haya aumentado la competitividad, porque ha costado mucho llegar a los niveles en que estamos. Porque no solamente estamos llegando en la categor\u00eda Open, sino que en Juveniles y los ni\u00f1os chicos que est\u00e1n peleando los primeros lugares. Eso ha sido un trabajo muy largo\u201d, explic\u00f3.<\/font><\/span><span style=\"font-family: Arial; font-size: 10pt\"><font color=\"#000000\"> <\/font><\/span><\/p>\n<p style=\"margin: 0cm 0cm 0pt\" class=\"MsoNormal\">&nbsp;<\/p>\n<p style=\"margin: 0cm 0cm 0pt\" class=\"MsoNormal\"><span style=\"font-family: Arial; font-size: 10pt\"><font color=\"#000000\">\u201cEl actual momento que vive el esqu\u00ed n\u00e1utico es excelente, tanto en lo organizacional como en lo deportivo. La marca que hizo Rodrigo Miranda ahora \u00faltimo lo deja cuarto en el mundo y eso demuestra que las cosas se est\u00e1n haciendo muy bien\u201d, agreg\u00f3.<\/font><\/span><\/p>\n<p style=\"margin: 0cm 0cm 0pt\" class=\"MsoNormal\">&nbsp;<\/p>\n<p style=\"margin: 0cm 0cm 0pt\" class=\"MsoNormal\"><span style=\"font-family: Arial; font-size: 10pt\"><font color=\"#000000\">Miranda tambi\u00e9n coment\u00f3 que el Torneo Nacional Amateur que realizar\u00e1n en el Lago Los Morros es una gran oportunidad de conocer nuevos esquiadores y se mantiene esperanzado en que ser\u00e1 un gran certamen.<\/font><\/span><\/p>\n<p style=\"margin: 0cm 0cm 0pt\" class=\"MsoNormal\">&nbsp;<\/p>\n<p style=\"margin: 0cm 0cm 0pt\" class=\"MsoNormal\"><span style=\"font-family: Arial; font-size: 10pt\"><font color=\"#000000\">\u201cEspero que con este torneo amateur que estamos llevando a cabo, se eleve mucho el nivel y aparezcan no s\u00f3lo seis, siete o diez exponentes del esqu\u00ed, sino salgan 30 o 40. En este torneo hay 120 inscritos y de ah\u00ed saldr\u00e1n una cantidad que ojal\u00e1 participe en el alto rendimiento\u201d, sostuvo.<\/font><\/span><\/p>\n<p style=\"margin: 0cm 0cm 0pt\" class=\"MsoNormal\">&nbsp;<\/p>\n<p style=\"margin: 0cm 0cm 0pt\" class=\"MsoNormal\"><span style=\"font-family: Arial; font-size: 10pt\"><font color=\"#000000\">\u201cEso habla muy bien e la Federaci\u00f3n y de nuestro club, porque se le abren las puertas a todo el mundo. Las puertas est\u00e1n abiertas y puede venir cualquier persona a esquiar, logras marcas y a lo mejor competir representando al pa\u00eds\u201d, a\u00f1adi\u00f3.<\/font><\/span><\/p>\n<p style=\"margin: 0cm 0cm 0pt\" class=\"MsoNormal\">&nbsp;<\/p>\n<p style=\"margin: 0cm 0cm 0pt\" class=\"MsoNormal\"><span style=\"font-family: Arial; font-size: 10pt\"><font color=\"#000000\">\u201cEl objetivo principalmente es traer m\u00e1s gente y hacer m\u00e1s masivo al esqu\u00ed n\u00e1utico, para que no se diga que es un deporte de elite y sino que tambi\u00e9n est\u00e1 al alcance de todo el mundo. Hay un gran inter\u00e9s, tuvimos que cerrar las inscripciones porque no d\u00e1bamos abasto. Esto ha sido extraordinario, estamos llamando la atenci\u00f3n y se van a acercar m\u00e1s sponsor y mucha gente\u201d, coment\u00f3 el dirigente.<\/font><\/span><\/p>\n<p style=\"margin: 0cm 0cm 0pt\" class=\"MsoNormal\">&nbsp;<\/p>\n<p><span style=\"font-family: Arial; font-size: 10pt\"><font color=\"#000000\">.<\/font><\/span><\/p>\n","protected":false},"excerpt":{"rendered":"<p>El Presidente de la Federaci\u00f3n de Esqu\u00ed N\u00e1utico de Chile analiz\u00f3 el buen presente del deporte en nuestro pa\u00eds. \u00a0\u00a0\u00a0\u00a0\u00a0\u00a0\u00a0\u00a0\u00a0\u00a0\u00a0\u00a0\u00a0<\/p>\n","protected":false},"author":2,"featured_media":0,"comment_status":"closed","ping_status":"open","sticky":false,"template":"","format":"standard","meta":[],"categories":[1],"tags":[],"_links":{"self":[{"href":"http:\/\/www.esquinautico.cl\/index.php?rest_route=\/wp\/v2\/posts\/1170"}],"collection":[{"href":"http:\/\/www.esquinautico.cl\/index.php?rest_route=\/wp\/v2\/posts"}],"about":[{"href":"http:\/\/www.esquinautico.cl\/index.php?rest_route=\/wp\/v2\/types\/post"}],"author":[{"embeddable":true,"href":"http:\/\/www.esquinautico.cl\/index.php?rest_route=\/wp\/v2\/users\/2"}],"replies":[{"embeddable":true,"href":"http:\/\/www.esquinautico.cl\/index.php?rest_route=%2Fwp%2Fv2%2Fcomments&post=1170"}],"version-history":[{"count":0,"href":"http:\/\/www.esquinautico.cl\/index.php?rest_route=\/wp\/v2\/posts\/1170\/revisions"}],"wp:attachment":[{"href":"http:\/\/www.esquinautico.cl\/index.php?rest_route=%2Fwp%2Fv2%2Fmedia&parent=1170"}],"wp:term":[{"taxonomy":"category","embeddable":true,"href":"http:\/\/www.esquinautico.cl\/index.php?rest_route=%2Fwp%2Fv2%2Fcategories&post=1170"},{"taxonomy":"post_tag","embeddable":true,"href":"http:\/\/www.esquinautico.cl\/index.php?rest_route=%2Fwp%2Fv2%2Ftags&post=1170"}],"curies":[{"name":"wp","href":"https:\/\/api.w.org\/{rel}","templated":true}]}}