{"id":1172,"date":"2011-03-07T14:16:24","date_gmt":"2011-03-07T14:16:24","guid":{"rendered":"http:\/\/www.esquinautico.cl\/nuevo\/?p=1172"},"modified":"2011-03-07T14:16:24","modified_gmt":"2011-03-07T14:16:24","slug":"angelo-debarbieri-%e2%80%9cquiero-integrar-la-seleccion-chilena%e2%80%9d","status":"publish","type":"post","link":"http:\/\/www.esquinautico.cl\/?p=1172","title":{"rendered":"ANGELO DEBARBIERI: \u201cQUIERO INTEGRAR LA SELECCI\u00d3N CHILENA\u201d"},"content":{"rendered":"<p style=\"margin: 0cm 0cm 0pt\" class=\"MsoNormal\"><span style=\"font-family: Arial; font-size: 10pt\"><font color=\"#000000\"><strong>El peque\u00f1o esquiador de 11 a\u00f1os ha destacado junto a su hermano Renato como una de las promesas del esqu\u00ed n\u00e1utico nacional.<\/strong><\/font><\/span><\/p>\n<p style=\"margin: 0cm 0cm 0pt\" class=\"MsoNormal\">&nbsp;<\/p>\n<p style=\"margin: 0cm 0cm 0pt\" class=\"MsoNormal\"><span style=\"font-family: Arial; font-size: 10pt\"><font color=\"#000000\"><img loading=\"lazy\" src=\"images\/stories\/esquinautico\/hermanos%20debarbieri.jpg\" border=\"0\" width=\"250\" height=\"374\" align=\"left\" \/>\u00c1ngelo Debarbieri es una de las nuevas promesas del esqu\u00ed n\u00e1utico nacional, ya que a sus 11 a\u00f1os de edad ha destacado, junto a su hermano Renato (9 a\u00f1os), como uno de los peque\u00f1os deportistas m\u00e1s entusiastas y comprometidos.<\/font><\/span><\/p>\n<p style=\"margin: 0cm 0cm 0pt\" class=\"MsoNormal\">&nbsp;<\/p>\n<p style=\"margin: 0cm 0cm 0pt\" class=\"MsoNormal\"><span style=\"font-family: Arial; font-size: 10pt\"><font color=\"#000000\">\u201cEs lo mejor que me ha pasado en el deporte, porque la paso bien, participo en campeonatos y tengo varios amigos como Ra\u00fal Duhalde, Vicente y mi hermano Renato que siempre me acompa\u00f1a\u201d, se\u00f1al\u00f3 el joven.<\/font><\/span><\/p>\n<p style=\"margin: 0cm 0cm 0pt\" class=\"MsoNormal\">&nbsp;<\/p>\n<p style=\"margin: 0cm 0cm 0pt\" class=\"MsoNormal\"><span style=\"font-family: Arial; font-size: 10pt\"><font color=\"#000000\">Debarbieri realiz\u00f3 una esperanzadora marca de 2 \u00bd boyas a los 16 metros, la cual pr\u00e1cticamente hace pensar que pueda participar en el pr\u00f3ximo Latinoamericano de M\u00e9xico.<\/font><\/span><\/p>\n<p style=\"margin: 0cm 0cm 0pt\" class=\"MsoNormal\">&nbsp;<\/p>\n<p style=\"margin: 0cm 0cm 0pt\" class=\"MsoNormal\"><span style=\"font-family: Arial; font-size: 10pt\"><font color=\"#000000\">\u201cYa hice la marca para los Latinoamericanos, me tiene harto entusiasmado ese campeonato, quiero participar y me gustar\u00eda ser integrante de la selecci\u00f3n chilena\u201d, dijo \u00c1ngelo.<\/font><\/span><\/p>\n<p style=\"margin: 0cm 0cm 0pt\" class=\"MsoNormal\">&nbsp;<\/p>\n<p style=\"margin: 0cm 0cm 0pt\" class=\"MsoNormal\"><span style=\"font-family: Arial; font-size: 10pt\"><font color=\"#000000\">Por \u00faltimo, el peque\u00f1o esquiador reconoci\u00f3 que sus grandes \u00eddolos nacionales en el deporte son Diego Gonz\u00e1lez y Felipe Miranda. Sobre este \u00faltimo, coment\u00f3 que desea aprender su t\u00e9cnica en el Slalom.<\/font><\/span><\/p>\n<p style=\"margin: 0cm 0cm 0pt\" class=\"MsoNormal\">&nbsp;<\/p>\n<p><span style=\"font-family: Arial; font-size: 10pt\"><font color=\"#000000\">\u201cA los esquiadores que admiro son Diego Gonz\u00e1lez y \u2018Pipe\u2019 Miranda. Felipe esqu\u00eda muy bien, me gusta cuando hace slalom e intento copiarle su estilo, porque \u00e9l se abre m\u00e1s y tira mucho m\u00e1s fuerte que otros\u201d, concluy\u00f3.<\/font><\/span><\/p>\n","protected":false},"excerpt":{"rendered":"<p>El peque\u00f1o esquiador de 11 a\u00f1os ha destacado junto a su hermano Renato como una de las promesas del esqu\u00ed<\/p>\n","protected":false},"author":2,"featured_media":0,"comment_status":"closed","ping_status":"open","sticky":false,"template":"","format":"standard","meta":[],"categories":[1],"tags":[],"_links":{"self":[{"href":"http:\/\/www.esquinautico.cl\/index.php?rest_route=\/wp\/v2\/posts\/1172"}],"collection":[{"href":"http:\/\/www.esquinautico.cl\/index.php?rest_route=\/wp\/v2\/posts"}],"about":[{"href":"http:\/\/www.esquinautico.cl\/index.php?rest_route=\/wp\/v2\/types\/post"}],"author":[{"embeddable":true,"href":"http:\/\/www.esquinautico.cl\/index.php?rest_route=\/wp\/v2\/users\/2"}],"replies":[{"embeddable":true,"href":"http:\/\/www.esquinautico.cl\/index.php?rest_route=%2Fwp%2Fv2%2Fcomments&post=1172"}],"version-history":[{"count":0,"href":"http:\/\/www.esquinautico.cl\/index.php?rest_route=\/wp\/v2\/posts\/1172\/revisions"}],"wp:attachment":[{"href":"http:\/\/www.esquinautico.cl\/index.php?rest_route=%2Fwp%2Fv2%2Fmedia&parent=1172"}],"wp:term":[{"taxonomy":"category","embeddable":true,"href":"http:\/\/www.esquinautico.cl\/index.php?rest_route=%2Fwp%2Fv2%2Fcategories&post=1172"},{"taxonomy":"post_tag","embeddable":true,"href":"http:\/\/www.esquinautico.cl\/index.php?rest_route=%2Fwp%2Fv2%2Ftags&post=1172"}],"curies":[{"name":"wp","href":"https:\/\/api.w.org\/{rel}","templated":true}]}}