{"id":1178,"date":"2011-03-12T13:54:01","date_gmt":"2011-03-12T13:54:01","guid":{"rendered":"http:\/\/www.esquinautico.cl\/nuevo\/?p=1178"},"modified":"2011-03-12T13:54:01","modified_gmt":"2011-03-12T13:54:01","slug":"toti-tambien-avanza-en-figuras","status":"publish","type":"post","link":"http:\/\/www.esquinautico.cl\/?p=1178","title":{"rendered":"TOTI TAMBI\u00c9N AVANZA EN FIGURAS"},"content":{"rendered":"<p><!--[if gte mso 9]><xml>  <w:WordDocument>   <w:View>Normal<\/w:View>   <w:Zoom>0<\/w:Zoom>   <w:HyphenationZone>21<\/w:HyphenationZone>   <w:PunctuationKerning\/>   <w:ValidateAgainstSchemas\/>   <w:SaveIfXMLInvalid>false<\/w:SaveIfXMLInvalid>   <w:IgnoreMixedContent>false<\/w:IgnoreMixedContent>   <w:AlwaysShowPlaceholderText>false<\/w:AlwaysShowPlaceholderText>   <w:Compatibility>    <w:BreakWrappedTables\/>    <w:SnapToGridInCell\/>    <w:WrapTextWithPunct\/>    <w:UseAsianBreakRules\/>    <w:DontGrowAutofit\/>   <\/w:Compatibility>   <w:BrowserLevel>MicrosoftInternetExplorer4<\/w:BrowserLevel>  <\/w:WordDocument> <\/xml><![endif]--><!--[if gte mso 9]><xml>  <w:LatentStyles DefLockedState=\"false\" LatentStyleCount=\"156\">  <\/w:LatentStyles> <\/xml><![endif]--><!--[if !mso]>\n\n<div   classid=\"clsid:38481807-CA0E-42D2-BF39-B33AF135CC4D\" id=ieooui><\/div>\n\n \n\n<style> st1:*{behavior:url(#ieooui) } <\/style>\n\n <![endif]--><!--[if gte mso 10]> \n\n<style>  \/* Style Definitions *\/  table.MsoNormalTable \t{mso-style-name:\"Tabla normal\"; \tmso-tstyle-rowband-size:0; \tmso-tstyle-colband-size:0; \tmso-style-noshow:yes; \tmso-style-parent:\"\"; \tmso-padding-alt:0cm 5.4pt 0cm 5.4pt; \tmso-para-margin:0cm; \tmso-para-margin-bottom:.0001pt; \tmso-pagination:widow-orphan; \tfont-size:10.0pt; \tfont-family:\"Times New Roman\"; \tmso-ansi-language:#0400; \tmso-fareast-language:#0400; \tmso-bidi-language:#0400;} <\/style>\n\n <![endif]-->  <\/p>\n<p class=\"MsoNormal\"><font color=\"#000000\"><strong><span style=\"font-size: 10pt; font-family: Arial\">Luego de su accidentado debut en salto, Rodrigo Miranda logr\u00f3 clasificar este s\u00e1bado a las semifinales de figuras en el Moomba Masters 2011, la primera fecha del Circuito Mundial de Esqu\u00ed N\u00e1utico<\/span><\/strong><\/font><\/p>\n<p style=\"text-align: center\" class=\"MsoNormal\" align=\"center\"><font color=\"#000000\"><span style=\"font-size: 10pt; font-family: Arial\">\u00a0<\/span><\/font><\/p>\n<p style=\"text-align: justify\" class=\"MsoNormal\"><font color=\"#000000\"><img loading=\"lazy\" src=\"images\/stories\/esquinautico\/rodrigo%20miranda%20figuras%20123.jpg\" border=\"0\" width=\"250\" height=\"303\" align=\"left\" \/><span style=\"font-size: 10pt; font-family: Arial\">Su segundo paso a semifinales en el Moomba Masters de Australia logr\u00f3 esta madrugada el esquiador nacional Rodrigo Miranda, luego que rematara en el 11\u00ba lugar en la eliminatoria de figuras.<\/span><\/font><\/p>\n<p style=\"text-align: justify\" class=\"MsoNormal\"><font color=\"#000000\"><span style=\"font-size: 10pt; font-family: Arial\">\u00a0<\/span><\/font><\/p>\n<p style=\"text-align: justify\" class=\"MsoNormal\"><font color=\"#000000\"><span style=\"font-size: 10pt; font-family: Arial\">Una marca de 7.450 unidades le dio los boletos para la segunda fase al campe\u00f3n panamericano, quien el viernes hab\u00eda logrado acceder a la semifinal de salto en el octavo lugar con un brinco de 58,6 metros.<\/span><\/font><\/p>\n<p style=\"text-align: justify\" class=\"MsoNormal\"><font color=\"#000000\"><span style=\"font-size: 10pt; font-family: Arial\">\u00a0<\/span><\/font><\/p>\n<p style=\"text-align: justify\" class=\"MsoNormal\"><font color=\"#000000\"><span style=\"font-size: 10pt; font-family: Arial\">En el cierre de la jornada, y en una presentaci\u00f3n muy esperada por el p\u00fablico australiano, Toti Miranda logr\u00f3 tambi\u00e9n una destacada actuaci\u00f3n en la segunda ronda eliminatoria del Nigth Jump, una competencia paralela a la de salto, pero que se disputa durante la noche.<\/span><\/font><\/p>\n<p style=\"text-align: justify\" class=\"MsoNormal\"><font color=\"#000000\"><span style=\"font-size: 10pt; font-family: Arial\">\u00a0<\/span><\/font><\/p>\n<p style=\"text-align: justify\" class=\"MsoNormal\"><font color=\"#000000\"><span style=\"font-size: 10pt; font-family: Arial\">En su paso por la rampa de Melbourne, el campe\u00f3n nacional marc\u00f3 59 metros, que lo tienen a falta de una jornada eliminatoria en el segundo puesto. Durante cada noche cinco esquiadores han hecho sus presentaciones y tras la ronda de este domingo se definir\u00e1n los cinco mejores que disputar\u00e1n la final este lunes.<\/span><\/font><\/p>\n<p style=\"text-align: justify\" class=\"MsoNormal\"><font color=\"#000000\"><span style=\"font-size: 10pt; font-family: Arial\">\u00a0<\/span><\/font><\/p>\n<p style=\"text-align: justify\" class=\"MsoNormal\"><font color=\"#000000\"><span style=\"font-size: 10pt; font-family: Arial\">La intensa jornada de este s\u00e1bado tuvo tambi\u00e9n al seleccionado chileno buscando su paso a la semifinal de slalom, instancia que no alcanz\u00f3 tras marcar 1 \u00bd boyas a 12 metros, que lo dejaron en la 18\u00aa posici\u00f3n.<\/span><\/font><\/p>\n<p style=\"text-align: justify\" class=\"MsoNormal\"><font color=\"#000000\"><span style=\"font-size: 10pt; font-family: Arial\">\u00a0<\/span><\/font><\/p>\n<p style=\"text-align: justify\" class=\"MsoNormal\"><font color=\"#000000\"><span style=\"font-size: 10pt; font-family: Arial\">El campe\u00f3n Odesur volver\u00e1 a las aguas del r\u00edo Yarra este domingo, donde intentar\u00e1 ubicarse entre los mejores ocho y acceder as\u00ed a las finales de figuras y salto de la primera fecha del Circuito Mundial de Esqu\u00ed N\u00e1utico 2011.<\/span><\/font><\/p>\n","protected":false},"excerpt":{"rendered":"<p>Luego de su accidentado debut en salto, Rodrigo Miranda logr\u00f3 clasificar este s\u00e1bado a las semifinales de figuras en el<\/p>\n","protected":false},"author":2,"featured_media":0,"comment_status":"closed","ping_status":"open","sticky":false,"template":"","format":"standard","meta":[],"categories":[1],"tags":[],"_links":{"self":[{"href":"http:\/\/www.esquinautico.cl\/index.php?rest_route=\/wp\/v2\/posts\/1178"}],"collection":[{"href":"http:\/\/www.esquinautico.cl\/index.php?rest_route=\/wp\/v2\/posts"}],"about":[{"href":"http:\/\/www.esquinautico.cl\/index.php?rest_route=\/wp\/v2\/types\/post"}],"author":[{"embeddable":true,"href":"http:\/\/www.esquinautico.cl\/index.php?rest_route=\/wp\/v2\/users\/2"}],"replies":[{"embeddable":true,"href":"http:\/\/www.esquinautico.cl\/index.php?rest_route=%2Fwp%2Fv2%2Fcomments&post=1178"}],"version-history":[{"count":0,"href":"http:\/\/www.esquinautico.cl\/index.php?rest_route=\/wp\/v2\/posts\/1178\/revisions"}],"wp:attachment":[{"href":"http:\/\/www.esquinautico.cl\/index.php?rest_route=%2Fwp%2Fv2%2Fmedia&parent=1178"}],"wp:term":[{"taxonomy":"category","embeddable":true,"href":"http:\/\/www.esquinautico.cl\/index.php?rest_route=%2Fwp%2Fv2%2Fcategories&post=1178"},{"taxonomy":"post_tag","embeddable":true,"href":"http:\/\/www.esquinautico.cl\/index.php?rest_route=%2Fwp%2Fv2%2Ftags&post=1178"}],"curies":[{"name":"wp","href":"https:\/\/api.w.org\/{rel}","templated":true}]}}