{"id":1182,"date":"2011-03-14T13:16:19","date_gmt":"2011-03-14T13:16:19","guid":{"rendered":"http:\/\/www.esquinautico.cl\/nuevo\/?p=1182"},"modified":"2011-03-14T13:16:19","modified_gmt":"2011-03-14T13:16:19","slug":"toti-cae-pero-igual-sube","status":"publish","type":"post","link":"http:\/\/www.esquinautico.cl\/?p=1182","title":{"rendered":"TOTI CAE PERO IGUAL SUBE"},"content":{"rendered":"<p><!--[if gte mso 9]><xml>  <w:WordDocument>   <w:View>Normal<\/w:View>   <w:Zoom>0<\/w:Zoom>   <w:HyphenationZone>21<\/w:HyphenationZone>   <w:PunctuationKerning\/>   <w:ValidateAgainstSchemas\/>   <w:SaveIfXMLInvalid>false<\/w:SaveIfXMLInvalid>   <w:IgnoreMixedContent>false<\/w:IgnoreMixedContent>   <w:AlwaysShowPlaceholderText>false<\/w:AlwaysShowPlaceholderText>   <w:Compatibility>    <w:BreakWrappedTables\/>    <w:SnapToGridInCell\/>    <w:WrapTextWithPunct\/>    <w:UseAsianBreakRules\/>    <w:DontGrowAutofit\/>   <\/w:Compatibility>   <w:BrowserLevel>MicrosoftInternetExplorer4<\/w:BrowserLevel>  <\/w:WordDocument> <\/xml><![endif]--><!--[if gte mso 9]><xml>  <w:LatentStyles DefLockedState=\"false\" LatentStyleCount=\"156\">  <\/w:LatentStyles> <\/xml><![endif]--><!--[if !mso]><object  classid=\"clsid:38481807-CA0E-42D2-BF39-B33AF135CC4D\" id=ieooui><\/object> \n\n<style> st1:*{behavior:url(#ieooui) } <\/style>\n\n <![endif]--><!--[if gte mso 10]> \n\n<style>  \/* Style Definitions *\/  table.MsoNormalTable \t{mso-style-name:\"Tabla normal\"; \tmso-tstyle-rowband-size:0; \tmso-tstyle-colband-size:0; \tmso-style-noshow:yes; \tmso-style-parent:\"\"; \tmso-padding-alt:0cm 5.4pt 0cm 5.4pt; \tmso-para-margin:0cm; \tmso-para-margin-bottom:.0001pt; \tmso-pagination:widow-orphan; \tfont-size:10.0pt; \tfont-family:\"Times New Roman\"; \tmso-ansi-language:#0400; \tmso-fareast-language:#0400; \tmso-bidi-language:#0400;} <\/style>\n\n <![endif]-->  <\/p>\n<p class=\"MsoNormal\"><strong><font color=\"#000000\"><span style=\"font-size: 10pt; font-family: Arial\">Rodrigo Miranda fue retirado en camilla tras sufrir una fuerte ca\u00edda en su \u00faltimo salto en el Moomba Masters 2011. De todos modos, el campe\u00f3n chileno logr\u00f3 el sexto lugar y su mejor actuaci\u00f3n en la rampa del tradicional torneo australiano<\/span><\/font><\/strong><\/p>\n<p style=\"text-align: center\" class=\"MsoNormal\" align=\"center\"><font color=\"#000000\"><span style=\"font-size: 10pt; font-family: Arial\">\u00a0<\/span><\/font><\/p>\n<p style=\"text-align: justify\" class=\"MsoNormal\"><img loading=\"lazy\" src=\"images\/stories\/esquinautico\/fot_0072.jpg\" border=\"0\" width=\"250\" height=\"317\" align=\"left\" \/><font color=\"#000000\"><span style=\"font-size: 10pt; font-family: Arial\">Su mejor actuaci\u00f3n en salto y su segundo mejor resultado en el torneo logr\u00f3 esta madrugada Rodrigo Miranda, tras rematar en el sexto lugar en la final de salto del Moomba Masters de Australia, el primer torneo del Circuito Mundial de Esqu\u00ed N\u00e1utico de la temporada 2011.<\/span><\/font><\/p>\n<p style=\"text-align: justify\" class=\"MsoNormal\"><font color=\"#000000\"><span style=\"font-size: 10pt; font-family: Arial\">\u00a0<\/span><\/font><\/p>\n<p style=\"text-align: justify\" class=\"MsoNormal\"><font color=\"#000000\"><span style=\"font-size: 10pt; font-family: Arial\">En el cierre de su presentaci\u00f3n en la rampa de Melbourne, el campe\u00f3n chileno mantuvo opciones hasta el final de acceder al podio. En su segundo intento Miranda marc\u00f3 63 metros, que lo motivaron a ir por m\u00e1s en la tercera y \u00faltima oportunidad.<\/span><\/font><\/p>\n<p style=\"text-align: justify\" class=\"MsoNormal\"><font color=\"#000000\"><span style=\"font-size: 10pt; font-family: Arial\">\u00a0<\/span><\/font><\/p>\n<p style=\"text-align: justify\" class=\"MsoNormal\"><font color=\"#000000\"><span style=\"font-size: 10pt; font-family: Arial\">La opci\u00f3n de alcanzar una presea le significaba al campe\u00f3n sudamericano mejorar dos metros, lo que en definitiva no pudo ser luego que uno de sus esqu\u00edes se rompiera en la ca\u00edda y le provocara al atleta un fuerte golpe en la zona abdominal, que a esta hora est\u00e1 siendo evaluado por m\u00e9dicos australianos.<\/span><\/font><\/p>\n<p style=\"text-align: justify\" class=\"MsoNormal\"><font color=\"#000000\"><span style=\"font-size: 10pt; font-family: Arial\">\u00a0<\/span><\/font><\/p>\n<p style=\"text-align: justify\" class=\"MsoNormal\"><font color=\"#000000\"><span style=\"font-size: 10pt; font-family: Arial\">\u201cFue un golpe muy fuerte que sent\u00ed en la ca\u00edda. Ten\u00eda en mente la opci\u00f3n de la medalla pero no me result\u00f3 en el tercer salto donde me jugu\u00e9 mi opci\u00f3n pero eso me llev\u00f3 a entrar muy ajustado a la rampa y as\u00ed no tener completamente el control del salto\u201d dijo el medallista panamericano.<\/span><\/font><\/p>\n<p style=\"text-align: justify\" class=\"MsoNormal\"><font color=\"#000000\"><span style=\"font-size: 10pt; font-family: Arial\">\u00a0<\/span><\/font><\/p>\n<p style=\"text-align: justify\" class=\"MsoNormal\"><font color=\"#000000\"><span style=\"font-size: 10pt; font-family: Arial\">Sobre su actuaci\u00f3n en el torneo australiano, Miranda se mostr\u00f3 muy satisfecho \u201cPese a la ca\u00edda, estoy muy contento. La final fue un momento que nunca hab\u00eda vivido. La \u00fanica <em>lata<\/em> es que la medalla estuvo muy cerca, pero ya est\u00e1 y cada d\u00eda estoy m\u00e1s seguro que pronto se dar\u00e1\u201d<\/span><\/font><\/p>\n<p style=\"text-align: justify\" class=\"MsoNormal\"><font color=\"#000000\"><span style=\"font-size: 10pt; font-family: Arial\">\u00a0<\/span><\/font><\/p>\n<p style=\"text-align: justify\" class=\"MsoNormal\"><font color=\"#000000\"><span style=\"font-size: 10pt; font-family: Arial\">Otro motivo para estar satisfecho fue la simb\u00f3lica premiaci\u00f3n del overall que sorpresivamente la organizaci\u00f3n hizo y donde el chileno se ubic\u00f3 en el segundo lugar con 2.579 puntos. Sin premio en dinero, los honores fueron para el checo Adam Seldmajer, que triunf\u00f3 con 2.790.<\/span><\/font><\/p>\n<p style=\"text-align: justify\" class=\"MsoNormal\"><font color=\"#000000\"><span style=\"font-size: 10pt; font-family: Arial\">\u00a0<\/span><\/font><\/p>\n<p style=\"text-align: justify\" class=\"MsoNormal\"><font color=\"#000000\"><span style=\"font-size: 10pt; font-family: Arial\">En salto, en<span>\u00a0 <\/span>tanto, el oro fue para el canadiense y n\u00famero 2 del mundo, Ryan Dodd con 68,8  metros. Lo escoltaron el local Timothy Bradstreet (67,1); los estadounidenses Scoth Ellis (65,3) y Freddy Krueger (63,8); el ruso Igor Morozov (63,8), el chileno Miranda (63); el espa\u00f1ol Guillermo Moreno (62,7) y el canadiense Kole Magnowski (61,6)<\/span><\/font><\/p>\n<p style=\"text-align: justify\" class=\"MsoNormal\"><font color=\"#000000\"><span style=\"font-size: 10pt; font-family: Arial\">\u00a0<\/span><\/font><\/p>\n<p style=\"text-align: justify\" class=\"MsoNormal\"><font color=\"#000000\"><strong><span style=\"font-size: 10pt; font-family: Arial\">Regreso de Toti Miranda a Chile<\/span><\/strong><\/font><\/p>\n<p style=\"text-align: justify\" class=\"MsoNormal\"><font color=\"#000000\"><span style=\"font-size: 10pt; font-family: Arial\">\u00a0<\/span><\/font><\/p>\n<p style=\"text-align: justify\" class=\"MsoNormal\"><font color=\"#000000\"><span style=\"font-size: 10pt; font-family: Arial\">A esta hora, Rodrigo Miranda se encuentra en observaci\u00f3n m\u00e9dica en Australia y espera el alta para trasladarse de inmediato a Chile y cuantificar junto al equipo m\u00e9dico de la Federaci\u00f3n de Esqu\u00ed N\u00e1utico de Chile el impacto del golpe.<\/span><\/font><\/p>\n<p style=\"text-align: justify\" class=\"MsoNormal\"><font color=\"#000000\"><span style=\"font-size: 10pt; font-family: Arial\">\u00a0<\/span><\/font><\/p>\n<p style=\"text-align: justify\" class=\"MsoNormal\"><font color=\"#000000\"><span style=\"font-size: 10pt; font-family: Arial\">\u201cLo primero que me han dicho es que no hay fracturas, pero tenemos que ver tambi\u00e9n qu\u00e9 da\u00f1o pudo causar la ca\u00edda en la zona abdominal\u201d dijo desde la cl\u00ednica de Melbourne el seleccionado nacional.<\/span><\/font><\/p>\n","protected":false},"excerpt":{"rendered":"<p>Rodrigo Miranda fue retirado en camilla tras sufrir una fuerte ca\u00edda en su \u00faltimo salto en el Moomba Masters 2011.<\/p>\n","protected":false},"author":2,"featured_media":0,"comment_status":"closed","ping_status":"open","sticky":false,"template":"","format":"standard","meta":[],"categories":[1],"tags":[],"_links":{"self":[{"href":"http:\/\/www.esquinautico.cl\/index.php?rest_route=\/wp\/v2\/posts\/1182"}],"collection":[{"href":"http:\/\/www.esquinautico.cl\/index.php?rest_route=\/wp\/v2\/posts"}],"about":[{"href":"http:\/\/www.esquinautico.cl\/index.php?rest_route=\/wp\/v2\/types\/post"}],"author":[{"embeddable":true,"href":"http:\/\/www.esquinautico.cl\/index.php?rest_route=\/wp\/v2\/users\/2"}],"replies":[{"embeddable":true,"href":"http:\/\/www.esquinautico.cl\/index.php?rest_route=%2Fwp%2Fv2%2Fcomments&post=1182"}],"version-history":[{"count":0,"href":"http:\/\/www.esquinautico.cl\/index.php?rest_route=\/wp\/v2\/posts\/1182\/revisions"}],"wp:attachment":[{"href":"http:\/\/www.esquinautico.cl\/index.php?rest_route=%2Fwp%2Fv2%2Fmedia&parent=1182"}],"wp:term":[{"taxonomy":"category","embeddable":true,"href":"http:\/\/www.esquinautico.cl\/index.php?rest_route=%2Fwp%2Fv2%2Fcategories&post=1182"},{"taxonomy":"post_tag","embeddable":true,"href":"http:\/\/www.esquinautico.cl\/index.php?rest_route=%2Fwp%2Fv2%2Ftags&post=1182"}],"curies":[{"name":"wp","href":"https:\/\/api.w.org\/{rel}","templated":true}]}}