{"id":1185,"date":"2011-03-21T20:37:46","date_gmt":"2011-03-21T20:37:46","guid":{"rendered":"http:\/\/www.esquinautico.cl\/nuevo\/?p=1185"},"modified":"2011-03-21T20:37:46","modified_gmt":"2011-03-21T20:37:46","slug":"un-susto-y-nada-mas","status":"publish","type":"post","link":"http:\/\/www.esquinautico.cl\/?p=1185","title":{"rendered":"UN SUSTO Y NADA M\u00c1S"},"content":{"rendered":"<p><!--[if gte mso 9]><xml>  <w:WordDocument>   <w:View>Normal<\/w:View>   <w:Zoom>0<\/w:Zoom>   <w:HyphenationZone>21<\/w:HyphenationZone>   <w:PunctuationKerning\/>   <w:ValidateAgainstSchemas\/>   <w:SaveIfXMLInvalid>false<\/w:SaveIfXMLInvalid>   <w:IgnoreMixedContent>false<\/w:IgnoreMixedContent>   <w:AlwaysShowPlaceholderText>false<\/w:AlwaysShowPlaceholderText>   <w:Compatibility>    <w:BreakWrappedTables\/>    <w:SnapToGridInCell\/>    <w:WrapTextWithPunct\/>    <w:UseAsianBreakRules\/>    <w:DontGrowAutofit\/>   <\/w:Compatibility>   <w:BrowserLevel>MicrosoftInternetExplorer4<\/w:BrowserLevel>  <\/w:WordDocument> <\/xml><![endif]--><!--[if gte mso 9]><xml>  <w:LatentStyles DefLockedState=\"false\" LatentStyleCount=\"156\">  <\/w:LatentStyles> <\/xml><![endif]--><!--[if gte mso 10]> \n\n<style>  \/* Style Definitions *\/  table.MsoNormalTable \t{mso-style-name:\"Tabla normal\"; \tmso-tstyle-rowband-size:0; \tmso-tstyle-colband-size:0; \tmso-style-noshow:yes; \tmso-style-parent:\"\"; \tmso-padding-alt:0cm 5.4pt 0cm 5.4pt; \tmso-para-margin:0cm; \tmso-para-margin-bottom:.0001pt; \tmso-pagination:widow-orphan; \tfont-size:10.0pt; \tfont-family:\"Times New Roman\"; \tmso-ansi-language:#0400; \tmso-fareast-language:#0400; \tmso-bidi-language:#0400;} <\/style>\n\n <![endif]-->  <\/p>\n<p class=\"MsoNormal\"><font color=\"#000000\"><strong><span style=\"font-size: 10pt; font-family: Arial\">S\u00f3lo un desgarro abdominal sufri\u00f3 Toti Miranda luego de su estrepitosa ca\u00edda en el Moomba Masters 2011<\/span><\/strong><\/font><\/p>\n<p class=\"MsoNormal\"><font color=\"#000000\"><span style=\"font-size: 10pt; font-family: Arial\">\u00a0<\/span><\/font><\/p>\n<p class=\"MsoNormal\"><img loading=\"lazy\" src=\"images\/stories\/esquinautico\/dsc_2931.jpg\" border=\"0\" width=\"250\" height=\"291\" align=\"left\" \/><font color=\"#000000\"><span style=\"font-size: 10pt; font-family: Arial\">Afortunadamente s\u00f3lo fue un gran susto el que vivi\u00f3 el pasado lunes Rodrigo Toti Miranda, cuando abruptamente cerr\u00f3 su notable participaci\u00f3n en la final de salto del Moomba Masters 2011, luego que experimentara una fuerte ca\u00edda mientras realizaba su \u00faltimo intento.<\/span><\/font><\/p>\n<p class=\"MsoNormal\"><font color=\"#000000\"><span style=\"font-size: 10pt; font-family: Arial\">\u00a0<\/span><\/font><\/p>\n<p class=\"MsoNormal\"><font color=\"#000000\"><span style=\"font-size: 10pt; font-family: Arial\">Apenas pis\u00f3 suelo santiaguino, a mitad de semana, el campe\u00f3n nacional se traslad\u00f3 hasta la cl\u00ednica Las Condes, donde lo esperaba el m\u00e9dico de la selecci\u00f3n nacional, Fernando Radice, quien tras realizarle una minuciosa observaci\u00f3n diagnostic\u00f3 un \u201cdesgarro abdominal\u201d<\/span><\/font><\/p>\n<p class=\"MsoNormal\"><font color=\"#000000\"><span style=\"font-size: 10pt; font-family: Arial\">\u00a0<\/span><\/font><\/p>\n<p class=\"MsoNormal\"><font color=\"#000000\"><span style=\"font-size: 10pt; font-family: Arial\">\u201cEl trauma y contusiones sufridas con la ca\u00edda son de alta energ\u00eda. La suerte y su buena condici\u00f3n f\u00edsica le acompa\u00f1aron esta vez para que las consecuencias de este accidente sean bastante acotadas\u201d cont\u00f3 el doctor Radice.<\/span><\/font><\/p>\n<p class=\"MsoNormal\"><font color=\"#000000\"><span style=\"font-size: 10pt; font-family: Arial\">\u00a0<\/span><\/font><\/p>\n<p class=\"MsoNormal\"><font color=\"#000000\"><span style=\"font-size: 10pt; font-family: Arial\">Sobre los plazos para la recuperaci\u00f3n del campe\u00f3n nacional, el galeno sostuvo \u201cLas policontusiones y el desgarro fibrilar abdominal son lesiones que requieren de dos a tres semanas para recuperar su condici\u00f3n previa y volver a entrenar. Sin embargo, en gestos t\u00e9cnicos necesarios para la pr\u00e1ctica de figuras, por ejemplo, el tiempo de recuperaci\u00f3n puede alcanzar cuatro a cinco semanas\u201d<\/span><\/font><\/p>\n<p class=\"MsoNormal\"><font color=\"#000000\"><span style=\"font-size: 10pt; font-family: Arial\">\u00a0<\/span><\/font><\/p>\n<p class=\"MsoNormal\"><font color=\"#000000\"><span style=\"font-size: 10pt; font-family: Arial\">Pese a que no consideraba estar fuera de competencia durante este tiempo, Miranda se tom\u00f3 las cosas con calma \u201c<\/span><span style=\"font-size: 10pt; font-family: Arial\">Afortunadamente fue s\u00f3lo eso, un desgarro. Por un momento pens\u00e9 que podr\u00eda haber sido m\u00e1s grave, pero con el correr de las horas el tema se fue aclarando y no pas\u00f3 nada importante\u201d dijo el campe\u00f3n Odesur.<\/span><\/font><\/p>\n<p class=\"MsoNormal\"><font color=\"#000000\"><span style=\"font-size: 10pt; font-family: Arial\">\u00a0<\/span><\/font><\/p>\n<p class=\"MsoNormal\"><font color=\"#000000\"><span style=\"font-size: 10pt; font-family: Arial\">El campe\u00f3n panamericano, quien se encuentra en reposo y ya descartado para participar en el Campeonato Nacional de este fin de semana, analiz\u00f3 positivamente su paso por la rampa australiana.<\/span><\/font><\/p>\n<p class=\"MsoNormal\"><font color=\"#000000\"><span style=\"font-size: 10pt; font-family: Arial\">\u00a0<\/span><\/font><\/p>\n<p class=\"MsoNormal\"><font color=\"#000000\"><span style=\"font-size: 10pt; font-family: Arial\">\u201cFue un torneo inolvidable. En la final, hab\u00eda mucha gente y la presi\u00f3n que exist\u00eda era muy grande, m\u00e1s a\u00fan cuando yo ten\u00eda que cerrar la serie despu\u00e9s de haber ganado la semifinal. Fue una buena experiencia, que seguro me servir\u00e1 mucho para m\u00e1s adelante\u201d dijo el sanbernardino.<\/span><\/font><\/p>\n<p class=\"MsoNormal\"><font color=\"#000000\"><span style=\"font-size: 10pt; font-family: Arial\">\u00a0<\/span><\/font><\/p>\n<p class=\"MsoNormal\"><font color=\"#000000\"><span style=\"font-size: 10pt; font-family: Arial\">Miranda permanecer\u00e1 en Chile hasta el 23 de abril, fecha en que se trasladar\u00e1 hasta Estados Unidos donde comenzar\u00e1 su preparaci\u00f3n para su debut del 21 de mayo en Orlando, en el clasificatorio para el US Masters 2011.<\/span><\/font><\/p>\n","protected":false},"excerpt":{"rendered":"<p>S\u00f3lo un desgarro abdominal sufri\u00f3 Toti Miranda luego de su estrepitosa ca\u00edda en el Moomba Masters 2011 \u00a0 Afortunadamente s\u00f3lo<\/p>\n","protected":false},"author":2,"featured_media":0,"comment_status":"closed","ping_status":"open","sticky":false,"template":"","format":"standard","meta":[],"categories":[1],"tags":[],"_links":{"self":[{"href":"http:\/\/www.esquinautico.cl\/index.php?rest_route=\/wp\/v2\/posts\/1185"}],"collection":[{"href":"http:\/\/www.esquinautico.cl\/index.php?rest_route=\/wp\/v2\/posts"}],"about":[{"href":"http:\/\/www.esquinautico.cl\/index.php?rest_route=\/wp\/v2\/types\/post"}],"author":[{"embeddable":true,"href":"http:\/\/www.esquinautico.cl\/index.php?rest_route=\/wp\/v2\/users\/2"}],"replies":[{"embeddable":true,"href":"http:\/\/www.esquinautico.cl\/index.php?rest_route=%2Fwp%2Fv2%2Fcomments&post=1185"}],"version-history":[{"count":0,"href":"http:\/\/www.esquinautico.cl\/index.php?rest_route=\/wp\/v2\/posts\/1185\/revisions"}],"wp:attachment":[{"href":"http:\/\/www.esquinautico.cl\/index.php?rest_route=%2Fwp%2Fv2%2Fmedia&parent=1185"}],"wp:term":[{"taxonomy":"category","embeddable":true,"href":"http:\/\/www.esquinautico.cl\/index.php?rest_route=%2Fwp%2Fv2%2Fcategories&post=1185"},{"taxonomy":"post_tag","embeddable":true,"href":"http:\/\/www.esquinautico.cl\/index.php?rest_route=%2Fwp%2Fv2%2Ftags&post=1185"}],"curies":[{"name":"wp","href":"https:\/\/api.w.org\/{rel}","templated":true}]}}