{"id":1187,"date":"2011-03-25T13:42:52","date_gmt":"2011-03-25T13:42:52","guid":{"rendered":"http:\/\/www.esquinautico.cl\/nuevo\/?p=1187"},"modified":"2011-03-25T13:42:52","modified_gmt":"2011-03-25T13:42:52","slug":"llego-el-momento-para-los-mejores","status":"publish","type":"post","link":"http:\/\/www.esquinautico.cl\/?p=1187","title":{"rendered":"LLEG\u00d3 EL MOMENTO PARA LOS MEJORES"},"content":{"rendered":"<p><!--[if gte mso 9]><xml>  <w:WordDocument>   <w:View>Normal<\/w:View>   <w:Zoom>0<\/w:Zoom>   <w:HyphenationZone>21<\/w:HyphenationZone>   <w:PunctuationKerning\/>   <w:ValidateAgainstSchemas\/>   <w:SaveIfXMLInvalid>false<\/w:SaveIfXMLInvalid>   <w:IgnoreMixedContent>false<\/w:IgnoreMixedContent>   <w:AlwaysShowPlaceholderText>false<\/w:AlwaysShowPlaceholderText>   <w:Compatibility>    <w:BreakWrappedTables\/>    <w:SnapToGridInCell\/>    <w:WrapTextWithPunct\/>    <w:UseAsianBreakRules\/>    <w:DontGrowAutofit\/>   <\/w:Compatibility>   <w:BrowserLevel>MicrosoftInternetExplorer4<\/w:BrowserLevel>  <\/w:WordDocument> <\/xml><![endif]--><!--[if gte mso 9]><xml>  <w:LatentStyles DefLockedState=\"false\" LatentStyleCount=\"156\">  <\/w:LatentStyles> <\/xml><![endif]--><!--[if gte mso 10]> \n\n<style>  \/* Style Definitions *\/  table.MsoNormalTable \t{mso-style-name:\"Tabla normal\"; \tmso-tstyle-rowband-size:0; \tmso-tstyle-colband-size:0; \tmso-style-noshow:yes; \tmso-style-parent:\"\"; \tmso-padding-alt:0cm 5.4pt 0cm 5.4pt; \tmso-para-margin:0cm; \tmso-para-margin-bottom:.0001pt; \tmso-pagination:widow-orphan; \tfont-size:10.0pt; \tfont-family:\"Times New Roman\"; \tmso-ansi-language:#0400; \tmso-fareast-language:#0400; \tmso-bidi-language:#0400;} <\/style>\n\n <![endif]-->  <\/p>\n<p style=\"text-align: justify\" class=\"MsoNormal\"><strong><font color=\"#000000\"><span style=\"font-size: 10pt; font-family: Arial\">Este domingo se conocer\u00e1n los nombres de los nuevos campeones nacionales del esqu\u00ed n\u00e1utico chileno. M\u00e1s de 60 esquiadores buscar\u00e1n el t\u00edtulo en los tres eventos y el overall en seis categor\u00edas. <\/span><\/font><\/strong><\/p>\n<p style=\"text-align: justify\" class=\"MsoNormal\"><span style=\"font-size: 10pt; font-family: Arial\">\u00a0<\/span><\/p>\n<p style=\"text-align: justify\" class=\"MsoNormal\"><img loading=\"lazy\" src=\"images\/stories\/esquinautico\/diego%20gonzlez%2023.jpg\" border=\"0\" width=\"250\" height=\"291\" align=\"left\" \/><font color=\"#000000\"><span style=\"font-size: 10pt; font-family: Arial\">La ausencia obligada de Rodrigo Miranda, quien se recupera de su lesi\u00f3n abdominal tras su accidentado paso por el Moomba Masters, abri\u00f3 las opciones para la gran camada de valores j\u00f3venes que actuar\u00e1n este fin de semana en la gran final del Campeonato Nacional de Esqu\u00ed N\u00e1utico de la temporada 2010-2011.<\/span><\/font><\/p>\n<p style=\"text-align: justify\" class=\"MsoNormal\"><font color=\"#000000\"><span style=\"font-size: 10pt; font-family: Arial\">\u00a0<\/span><\/font><\/p>\n<p style=\"text-align: justify\" class=\"MsoNormal\"><font color=\"#000000\"><span style=\"font-size: 10pt; font-family: Arial\">Un grupo cercano a los 60 especialistas, provenientes de Antofagasta, Santiago y Rancagua, figuran inscritos en el certamen que se disputar\u00e1 entre el 26 y 27 de marzo en el lago Los Morros de San Bernardo y que consagrar\u00e1 a los nuevos monarcas criollos en figuras, salto, slalom y overall.<\/span><\/font><\/p>\n<p style=\"text-align: justify\" class=\"MsoNormal\"><font color=\"#000000\"><span style=\"font-size: 10pt; font-family: Arial\">\u00a0<\/span><\/font><\/p>\n<p style=\"text-align: justify\" class=\"MsoNormal\"><font color=\"#000000\"><span style=\"font-size: 10pt; font-family: Arial\">\u00abLlego bien preparado e ilusionado en hacer buenas marcas. En slalom va a estar dura la pelea y eso es muy motivante. El nivel durante la temporada ha sido bastante bueno y creo que este fin de semana se volver\u00e1 a dar una pelea boya a boya\u201d dijo el principal candidato en open masculino, Felipe Miranda<\/span><\/font><\/p>\n<p style=\"text-align: justify\" class=\"MsoNormal\"><font color=\"#000000\"><span style=\"font-size: 10pt; font-family: Arial\">\u00a0<\/span><\/font><\/p>\n<p style=\"text-align: justify\" class=\"MsoNormal\"><font color=\"#000000\"><span style=\"font-size: 10pt; font-family: Arial\">\u201cEstoy pasando por un buen momento y ser\u00eda muy lindo cerrar la temporada con una buena actuaci\u00f3n en el Campeonato Nacional\u201d dijo el actual campe\u00f3n nacional open de slalom, Diego Gonz\u00e1lez.<\/span><\/font><\/p>\n<p style=\"text-align: justify\" class=\"MsoNormal\"><font color=\"#000000\"><span style=\"font-size: 10pt; font-family: Arial\">\u00a0<\/span><\/font><\/p>\n<p style=\"text-align: justify\" class=\"MsoNormal\"><font color=\"#000000\"><span style=\"font-size: 10pt; font-family: Arial\">La competencia arrancar\u00e1 este s\u00e1bado a las 09:00 horas con las eliminatorias de figuras para las series infantil, juvenil y open. A las 10:30, en tanto, arrancar\u00e1n las clasificatorias de salto, en las mismas categor\u00edas. Mientras que a partir de las 12:00 se iniciar\u00e1 la semifinal de slalom en las series infantil, juvenil, open, senior, primera categor\u00eda y amateur.<\/span><\/font><\/p>\n<p style=\"text-align: justify\" class=\"MsoNormal\"><font color=\"#000000\"><span style=\"font-size: 10pt; font-family: Arial\">\u00a0<\/span><\/font><\/p>\n<p style=\"text-align: justify\" class=\"MsoNormal\"><font color=\"#000000\"><span style=\"font-size: 10pt; font-family: Arial\">En domingo, en tanto, ser\u00e1 exclusivamente jornada de finales, con un atractivo programa que ofrece la lucha por las medallas de figuras a partir de las 09:00; de salto a contar de las 10:30 y de slalom desde las 12:00.<\/span><\/font><\/p>\n","protected":false},"excerpt":{"rendered":"<p>Este domingo se conocer\u00e1n los nombres de los nuevos campeones nacionales del esqu\u00ed n\u00e1utico chileno. M\u00e1s de 60 esquiadores buscar\u00e1n<\/p>\n","protected":false},"author":2,"featured_media":0,"comment_status":"closed","ping_status":"open","sticky":false,"template":"","format":"standard","meta":[],"categories":[1],"tags":[],"_links":{"self":[{"href":"http:\/\/www.esquinautico.cl\/index.php?rest_route=\/wp\/v2\/posts\/1187"}],"collection":[{"href":"http:\/\/www.esquinautico.cl\/index.php?rest_route=\/wp\/v2\/posts"}],"about":[{"href":"http:\/\/www.esquinautico.cl\/index.php?rest_route=\/wp\/v2\/types\/post"}],"author":[{"embeddable":true,"href":"http:\/\/www.esquinautico.cl\/index.php?rest_route=\/wp\/v2\/users\/2"}],"replies":[{"embeddable":true,"href":"http:\/\/www.esquinautico.cl\/index.php?rest_route=%2Fwp%2Fv2%2Fcomments&post=1187"}],"version-history":[{"count":0,"href":"http:\/\/www.esquinautico.cl\/index.php?rest_route=\/wp\/v2\/posts\/1187\/revisions"}],"wp:attachment":[{"href":"http:\/\/www.esquinautico.cl\/index.php?rest_route=%2Fwp%2Fv2%2Fmedia&parent=1187"}],"wp:term":[{"taxonomy":"category","embeddable":true,"href":"http:\/\/www.esquinautico.cl\/index.php?rest_route=%2Fwp%2Fv2%2Fcategories&post=1187"},{"taxonomy":"post_tag","embeddable":true,"href":"http:\/\/www.esquinautico.cl\/index.php?rest_route=%2Fwp%2Fv2%2Ftags&post=1187"}],"curies":[{"name":"wp","href":"https:\/\/api.w.org\/{rel}","templated":true}]}}