{"id":1191,"date":"2011-03-28T16:32:38","date_gmt":"2011-03-28T16:32:38","guid":{"rendered":"http:\/\/www.esquinautico.cl\/nuevo\/?p=1191"},"modified":"2011-03-28T16:32:38","modified_gmt":"2011-03-28T16:32:38","slug":"condolencias","status":"publish","type":"post","link":"http:\/\/www.esquinautico.cl\/?p=1191","title":{"rendered":"CONDOLENCIAS"},"content":{"rendered":"<p><!--[if gte mso 9]><xml>  <w:WordDocument>   <w:View>Normal<\/w:View>   <w:Zoom>0<\/w:Zoom>   <w:HyphenationZone>21<\/w:HyphenationZone>   <w:PunctuationKerning\/>   <w:ValidateAgainstSchemas\/>   <w:SaveIfXMLInvalid>false<\/w:SaveIfXMLInvalid>   <w:IgnoreMixedContent>false<\/w:IgnoreMixedContent>   <w:AlwaysShowPlaceholderText>false<\/w:AlwaysShowPlaceholderText>   <w:Compatibility>    <w:BreakWrappedTables\/>    <w:SnapToGridInCell\/>    <w:WrapTextWithPunct\/>    <w:UseAsianBreakRules\/>    <w:DontGrowAutofit\/>   <\/w:Compatibility>   <w:BrowserLevel>MicrosoftInternetExplorer4<\/w:BrowserLevel>  <\/w:WordDocument> <\/xml><![endif]--><!--[if gte mso 9]><xml>  <w:LatentStyles DefLockedState=\"false\" LatentStyleCount=\"156\">  <\/w:LatentStyles> <\/xml><![endif]--><!--[if !mso]>\n\n<div   classid=\"clsid:38481807-CA0E-42D2-BF39-B33AF135CC4D\" id=ieooui><\/div>\n\n \n\n<style> st1:*{behavior:url(#ieooui) } <\/style>\n\n <![endif]--><!--[if gte mso 10]> \n\n<style>  \/* Style Definitions *\/  table.MsoNormalTable \t{mso-style-name:\"Tabla normal\"; \tmso-tstyle-rowband-size:0; \tmso-tstyle-colband-size:0; \tmso-style-noshow:yes; \tmso-style-parent:\"\"; \tmso-padding-alt:0cm 5.4pt 0cm 5.4pt; \tmso-para-margin:0cm; \tmso-para-margin-bottom:.0001pt; \tmso-pagination:widow-orphan; \tfont-size:10.0pt; \tfont-family:\"Times New Roman\"; \tmso-ansi-language:#0400; \tmso-fareast-language:#0400; \tmso-bidi-language:#0400;} <\/style>\n\n <![endif]-->  <\/p>\n<p class=\"MsoNormal\"><img loading=\"lazy\" src=\"images\/stories\/esquinautico\/luto%20esqu.jpg\" border=\"0\" width=\"250\" height=\"298\" align=\"left\" \/><font color=\"#000000\"><span style=\"font-size: 10pt; font-family: Arial\">A la edad de 89 a\u00f1os y v\u00edctima de una afecci\u00f3n renal, dej\u00f3 de existir este domingo en Cochabamba, Bolivia, Kurt Ritter; padre del ex presidente de la Federaci\u00f3n de Esqu\u00ed N\u00e1utico de Chile, Robert Ritter.<\/span><\/font><\/p>\n<p class=\"MsoNormal\"><font color=\"#000000\"><span style=\"font-size: 10pt; font-family: Arial\">\u00a0<\/span><\/font><\/p>\n<p class=\"MsoNormal\"><font color=\"#000000\"><span style=\"font-size: 10pt; font-family: Arial\">Durante gran parte de su vida el se\u00f1or Ritter cultiv\u00f3 un profundo amor hacia la actividad f\u00edsica \u2013que expres\u00f3 en gran parte en el esqu\u00ed en nieve- y el que claramente traspas\u00f3 a su hijo Robert, quien ha sido parte fundamental en el desarrollo del esqu\u00ed n\u00e1utico chileno.<\/span><\/font><\/p>\n<p class=\"MsoNormal\"><span style=\"font-size: 10pt; font-family: Arial\">\u00a0<\/span><\/p>\n<p class=\"MsoNormal\"><font color=\"#000000\"><span style=\"font-size: 10pt; font-family: Arial\">Desde esta redacci\u00f3n y en nombre de todos los integrantes de la gran familia del esqu\u00ed n\u00e1utico chileno le enviamos un sentido abrazo a nuestro compa\u00f1ero y amigo Robert Ritter y hacemos extensivas nuestras condolencias hacia su familia y amigos.<\/span><\/font><\/p>\n<p class=\"MsoNormal\"><font color=\"#000000\"><span style=\"font-size: 10pt; font-family: Arial\">\u00a0<\/span><\/font><\/p>\n<p class=\"MsoNormal\"><font color=\"#000000\"><span style=\"font-size: 10pt; font-family: Arial\"><strong>Directorio<\/strong> <\/span><\/font><\/p>\n<p class=\"MsoNormal\"><font color=\"#000000\"><strong><span style=\"font-size: 10pt; font-family: Arial\">Federaci\u00f3n de Esqu\u00ed N\u00e1utico de Chile<\/span><\/strong><\/font><\/p>\n","protected":false},"excerpt":{"rendered":"<p>A la edad de 89 a\u00f1os y v\u00edctima de una afecci\u00f3n renal, dej\u00f3 de existir este domingo en Cochabamba, Bolivia,<\/p>\n","protected":false},"author":2,"featured_media":0,"comment_status":"closed","ping_status":"open","sticky":false,"template":"","format":"standard","meta":[],"categories":[1],"tags":[],"_links":{"self":[{"href":"http:\/\/www.esquinautico.cl\/index.php?rest_route=\/wp\/v2\/posts\/1191"}],"collection":[{"href":"http:\/\/www.esquinautico.cl\/index.php?rest_route=\/wp\/v2\/posts"}],"about":[{"href":"http:\/\/www.esquinautico.cl\/index.php?rest_route=\/wp\/v2\/types\/post"}],"author":[{"embeddable":true,"href":"http:\/\/www.esquinautico.cl\/index.php?rest_route=\/wp\/v2\/users\/2"}],"replies":[{"embeddable":true,"href":"http:\/\/www.esquinautico.cl\/index.php?rest_route=%2Fwp%2Fv2%2Fcomments&post=1191"}],"version-history":[{"count":0,"href":"http:\/\/www.esquinautico.cl\/index.php?rest_route=\/wp\/v2\/posts\/1191\/revisions"}],"wp:attachment":[{"href":"http:\/\/www.esquinautico.cl\/index.php?rest_route=%2Fwp%2Fv2%2Fmedia&parent=1191"}],"wp:term":[{"taxonomy":"category","embeddable":true,"href":"http:\/\/www.esquinautico.cl\/index.php?rest_route=%2Fwp%2Fv2%2Fcategories&post=1191"},{"taxonomy":"post_tag","embeddable":true,"href":"http:\/\/www.esquinautico.cl\/index.php?rest_route=%2Fwp%2Fv2%2Ftags&post=1191"}],"curies":[{"name":"wp","href":"https:\/\/api.w.org\/{rel}","templated":true}]}}