{"id":1192,"date":"2011-03-29T15:05:10","date_gmt":"2011-03-29T15:05:10","guid":{"rendered":"http:\/\/www.esquinautico.cl\/nuevo\/?p=1192"},"modified":"2011-03-29T15:05:10","modified_gmt":"2011-03-29T15:05:10","slug":"nacional-amateur-por-tv","status":"publish","type":"post","link":"http:\/\/www.esquinautico.cl\/?p=1192","title":{"rendered":"NACIONAL AMATEUR POR TV"},"content":{"rendered":"<p><!--[if gte mso 9]><xml>  <w:WordDocument>   <w:View>Normal<\/w:View>   <w:Zoom>0<\/w:Zoom>   <w:HyphenationZone>21<\/w:HyphenationZone>   <w:PunctuationKerning\/>   <w:ValidateAgainstSchemas\/>   <w:SaveIfXMLInvalid>false<\/w:SaveIfXMLInvalid>   <w:IgnoreMixedContent>false<\/w:IgnoreMixedContent>   <w:AlwaysShowPlaceholderText>false<\/w:AlwaysShowPlaceholderText>   <w:Compatibility>    <w:BreakWrappedTables\/>    <w:SnapToGridInCell\/>    <w:WrapTextWithPunct\/>    <w:UseAsianBreakRules\/>    <w:DontGrowAutofit\/>   <\/w:Compatibility>   <w:BrowserLevel>MicrosoftInternetExplorer4<\/w:BrowserLevel>  <\/w:WordDocument> <\/xml><![endif]--><!--[if gte mso 9]><xml>  <w:LatentStyles DefLockedState=\"false\" LatentStyleCount=\"156\">  <\/w:LatentStyles> <\/xml><![endif]--><!--[if gte mso 10]> \n\n<style>  \/* Style Definitions *\/  table.MsoNormalTable \t{mso-style-name:\"Tabla normal\"; \tmso-tstyle-rowband-size:0; \tmso-tstyle-colband-size:0; \tmso-style-noshow:yes; \tmso-style-parent:\"\"; \tmso-padding-alt:0cm 5.4pt 0cm 5.4pt; \tmso-para-margin:0cm; \tmso-para-margin-bottom:.0001pt; \tmso-pagination:widow-orphan; \tfont-size:10.0pt; \tfont-family:\"Times New Roman\"; \tmso-ansi-language:#0400; \tmso-fareast-language:#0400; \tmso-bidi-language:#0400;} <\/style>\n\n <![endif]-->  <\/p>\n<p class=\"MsoNormal\"><strong><font color=\"#000000\"><span style=\"font-size: 10pt; font-family: Arial\">\u00abHola Deportes\u00bb de Telecanal emitir\u00e1 este martes 29 un programa especial dedicado al primer Torneo Amateur de Esqu\u00ed N\u00e1utico<\/span><\/font><\/strong><\/p>\n<p class=\"MsoNormal\"><font color=\"#000000\"><span style=\"font-size: 10pt; font-family: Arial\">\u00a0<\/span><\/font><\/p>\n<p class=\"MsoNormal\"><img loading=\"lazy\" src=\"images\/stories\/esquinautico\/250.jpg\" border=\"0\" width=\"250\" height=\"194\" align=\"left\" \/><font color=\"#000000\"><span style=\"font-size: 10pt; font-family: Arial\">A las 23:59 de este martes 29 de marzo se emitir\u00e1 a trav\u00e9s de las pantallas de Telecanal un programa espacial dedicado al I Torneo Amateur de Esqu\u00ed N\u00e1utico, realizado entre el 11 y 13 de marzo en el lago Los Morros de San Bernardo.<\/span><\/font><\/p>\n<p class=\"MsoNormal\"><font color=\"#000000\"><span style=\"font-size: 10pt; font-family: Arial\">\u00a0<\/span><\/font><\/p>\n<p class=\"MsoNormal\"><font color=\"#000000\"><span style=\"font-size: 10pt; font-family: Arial\">En un compacto de larga duraci\u00f3n, el programa \u201cHola Deportes\u201d repasar\u00e1 los momentos m\u00e1s emocionantes del primer evento organizado para esquiadores aficionados. El espacio se puede ver en la se\u00f1al 16 de VTR Cable y canal 2 por televisi\u00f3n abierta.<\/span><\/font><\/p>\n","protected":false},"excerpt":{"rendered":"<p>\u00abHola Deportes\u00bb de Telecanal emitir\u00e1 este martes 29 un programa especial dedicado al primer Torneo Amateur de Esqu\u00ed N\u00e1utico \u00a0<\/p>\n","protected":false},"author":2,"featured_media":0,"comment_status":"closed","ping_status":"open","sticky":false,"template":"","format":"standard","meta":[],"categories":[1],"tags":[],"_links":{"self":[{"href":"http:\/\/www.esquinautico.cl\/index.php?rest_route=\/wp\/v2\/posts\/1192"}],"collection":[{"href":"http:\/\/www.esquinautico.cl\/index.php?rest_route=\/wp\/v2\/posts"}],"about":[{"href":"http:\/\/www.esquinautico.cl\/index.php?rest_route=\/wp\/v2\/types\/post"}],"author":[{"embeddable":true,"href":"http:\/\/www.esquinautico.cl\/index.php?rest_route=\/wp\/v2\/users\/2"}],"replies":[{"embeddable":true,"href":"http:\/\/www.esquinautico.cl\/index.php?rest_route=%2Fwp%2Fv2%2Fcomments&post=1192"}],"version-history":[{"count":0,"href":"http:\/\/www.esquinautico.cl\/index.php?rest_route=\/wp\/v2\/posts\/1192\/revisions"}],"wp:attachment":[{"href":"http:\/\/www.esquinautico.cl\/index.php?rest_route=%2Fwp%2Fv2%2Fmedia&parent=1192"}],"wp:term":[{"taxonomy":"category","embeddable":true,"href":"http:\/\/www.esquinautico.cl\/index.php?rest_route=%2Fwp%2Fv2%2Fcategories&post=1192"},{"taxonomy":"post_tag","embeddable":true,"href":"http:\/\/www.esquinautico.cl\/index.php?rest_route=%2Fwp%2Fv2%2Ftags&post=1192"}],"curies":[{"name":"wp","href":"https:\/\/api.w.org\/{rel}","templated":true}]}}