{"id":1194,"date":"2011-04-04T19:20:58","date_gmt":"2011-04-04T19:20:58","guid":{"rendered":"http:\/\/www.esquinautico.cl\/nuevo\/?p=1194"},"modified":"2011-04-04T19:20:58","modified_gmt":"2011-04-04T19:20:58","slug":"nacional-2011-por-television","status":"publish","type":"post","link":"http:\/\/www.esquinautico.cl\/?p=1194","title":{"rendered":"NACIONAL 2011 POR TELEVISI\u00d3N"},"content":{"rendered":"<p><!--[if gte mso 9]><xml>  <w:WordDocument>   <w:View>Normal<\/w:View>   <w:Zoom>0<\/w:Zoom>   <w:HyphenationZone>21<\/w:HyphenationZone>   <w:PunctuationKerning\/>   <w:ValidateAgainstSchemas\/>   <w:SaveIfXMLInvalid>false<\/w:SaveIfXMLInvalid>   <w:IgnoreMixedContent>false<\/w:IgnoreMixedContent>   <w:AlwaysShowPlaceholderText>false<\/w:AlwaysShowPlaceholderText>   <w:Compatibility>    <w:BreakWrappedTables\/>    <w:SnapToGridInCell\/>    <w:WrapTextWithPunct\/>    <w:UseAsianBreakRules\/>    <w:DontGrowAutofit\/>   <\/w:Compatibility>   <w:BrowserLevel>MicrosoftInternetExplorer4<\/w:BrowserLevel>  <\/w:WordDocument> <\/xml><![endif]--><!--[if gte mso 9]><xml>  <w:LatentStyles DefLockedState=\"false\" LatentStyleCount=\"156\">  <\/w:LatentStyles> <\/xml><![endif]--><!--[if gte mso 10]> \n\n<style>  \/* Style Definitions *\/  table.MsoNormalTable \t{mso-style-name:\"Tabla normal\"; \tmso-tstyle-rowband-size:0; \tmso-tstyle-colband-size:0; \tmso-style-noshow:yes; \tmso-style-parent:\"\"; \tmso-padding-alt:0cm 5.4pt 0cm 5.4pt; \tmso-para-margin:0cm; \tmso-para-margin-bottom:.0001pt; \tmso-pagination:widow-orphan; \tfont-size:10.0pt; \tfont-family:\"Times New Roman\"; \tmso-ansi-language:#0400; \tmso-fareast-language:#0400; \tmso-bidi-language:#0400;} <\/style>\n\n <![endif]-->  <\/p>\n<p class=\"MsoNormal\"><font color=\"#000000\"><strong><span style=\"font-size: 10pt; font-family: Arial; color: black\">\u00abHola Deportes\u00bb de Telecanal emitir\u00e1 este mi\u00e9rcoles 6 un programa especial dedicado al Campeonato Nacional 2011<\/span><\/strong><\/font><\/p>\n<p class=\"MsoNormal\"><span style=\"font-size: 10pt; font-family: Arial; color: black\">\u00a0<\/span><\/p>\n<p class=\"MsoNormal\"><img loading=\"lazy\" src=\"images\/stories\/esquinautico\/250.jpg\" border=\"0\" width=\"250\" height=\"194\" align=\"left\" \/><font color=\"#000000\"><span style=\"font-size: 10pt; font-family: Arial; color: black\">Nuevamente las pantallas de Telecanal tendr\u00e1n como deporte central al esqu\u00ed n\u00e1utico, cuando se emita a la medianoche de este mi\u00e9rcoles 6 de abril un programa especial dedicado a la final del Campeonato Nacional 2011, que se disput\u00f3 entre el 26 y 27 de marzo en el lago Los Morros.<\/span><\/font><\/p>\n<p class=\"MsoNormal\"><font color=\"#000000\"><span style=\"font-size: 10pt; font-family: Arial; color: black\">\u00a0<\/span><\/font><\/p>\n<p class=\"MsoNormal\"><font color=\"#000000\"><span style=\"font-size: 10pt; font-family: Arial; color: black\">El programa \u201cHola Deportes\u201d repasar\u00e1 los momentos m\u00e1s emocionantes del m\u00e1ximo evento del calendario criollo, con im\u00e1genes desde el interior de la lancha y entrevistas a los principales protagonistas. El espacio se puede ver en la se\u00f1al 16 de VTR Cable y canal 2 por televisi\u00f3n abierta.<\/span><\/font><\/p>\n","protected":false},"excerpt":{"rendered":"<p>\u00abHola Deportes\u00bb de Telecanal emitir\u00e1 este mi\u00e9rcoles 6 un programa especial dedicado al Campeonato Nacional 2011 \u00a0 Nuevamente las pantallas<\/p>\n","protected":false},"author":2,"featured_media":0,"comment_status":"closed","ping_status":"open","sticky":false,"template":"","format":"standard","meta":[],"categories":[1],"tags":[],"_links":{"self":[{"href":"http:\/\/www.esquinautico.cl\/index.php?rest_route=\/wp\/v2\/posts\/1194"}],"collection":[{"href":"http:\/\/www.esquinautico.cl\/index.php?rest_route=\/wp\/v2\/posts"}],"about":[{"href":"http:\/\/www.esquinautico.cl\/index.php?rest_route=\/wp\/v2\/types\/post"}],"author":[{"embeddable":true,"href":"http:\/\/www.esquinautico.cl\/index.php?rest_route=\/wp\/v2\/users\/2"}],"replies":[{"embeddable":true,"href":"http:\/\/www.esquinautico.cl\/index.php?rest_route=%2Fwp%2Fv2%2Fcomments&post=1194"}],"version-history":[{"count":0,"href":"http:\/\/www.esquinautico.cl\/index.php?rest_route=\/wp\/v2\/posts\/1194\/revisions"}],"wp:attachment":[{"href":"http:\/\/www.esquinautico.cl\/index.php?rest_route=%2Fwp%2Fv2%2Fmedia&parent=1194"}],"wp:term":[{"taxonomy":"category","embeddable":true,"href":"http:\/\/www.esquinautico.cl\/index.php?rest_route=%2Fwp%2Fv2%2Fcategories&post=1194"},{"taxonomy":"post_tag","embeddable":true,"href":"http:\/\/www.esquinautico.cl\/index.php?rest_route=%2Fwp%2Fv2%2Ftags&post=1194"}],"curies":[{"name":"wp","href":"https:\/\/api.w.org\/{rel}","templated":true}]}}