{"id":1196,"date":"2011-04-14T13:28:57","date_gmt":"2011-04-14T13:28:57","guid":{"rendered":"http:\/\/www.esquinautico.cl\/nuevo\/?p=1196"},"modified":"2011-04-14T13:28:57","modified_gmt":"2011-04-14T13:28:57","slug":"weinstein-hizo-un-balance-positivo-de-la-copa-andromaco","status":"publish","type":"post","link":"http:\/\/www.esquinautico.cl\/?p=1196","title":{"rendered":"WEINSTEIN HIZO UN BALANCE POSITIVO DE LA COPA ANDR\u00d3MACO"},"content":{"rendered":"<p style=\"margin: 0cm 0cm 0pt\" class=\"MsoNormal\"><strong><span style=\"font-family: Arial; font-size: 10pt\"><font color=\"#000000\">El organizador del certamen se mostr\u00f3 muy contento con la gran participaci\u00f3n de esquiadores en la \u00faltima competencia de la temporada.<\/font><\/span><\/strong><\/p>\n<p style=\"margin: 0cm 0cm 0pt\" class=\"MsoNormal\"><strong><span style=\"font-family: Arial; font-size: 10pt\"><font color=\"#000000\">\u00a0\u00a0\u00a0\u00a0\u00a0\u00a0\u00a0\u00a0\u00a0\u00a0\u00a0\u00a0\u00a0\u00a0\u00a0\u00a0\u00a0\u00a0\u00a0\u00a0\u00a0\u00a0\u00a0\u00a0\u00a0\u00a0\u00a0\u00a0\u00a0\u00a0\u00a0 <\/font><\/span><\/strong><\/p>\n<p style=\"margin: 0cm 0cm 0pt\" class=\"MsoNormal\"><span style=\"font-family: Arial; font-size: 10pt\"><font color=\"#000000\"><img loading=\"lazy\" src=\"images\/stories\/esquinautico\/sergio.jpg\" border=\"0\" width=\"250\" height=\"313\" align=\"left\" \/>El organizador de la Copa Andr\u00f3maco Sergio Weinstein hizo un balance positivo del certamen que se realiz\u00f3 este fin de semana en el lago Los Morros y que cerr\u00f3 la temporada del esqu\u00ed n\u00e1utico chileno.<\/font><\/span><\/p>\n<p style=\"margin: 0cm 0cm 0pt\" class=\"MsoNormal\">&nbsp;<\/p>\n<p style=\"margin: 0cm 0cm 0pt\" class=\"MsoNormal\"><span style=\"font-family: Arial; font-size: 10pt\"><font color=\"#000000\">\u201cEstoy muy contento, hay mucha gente, muchos esquiadores. A parte estamos dando la posibilidad de que esquiadores que no ten\u00edan la marca para seguir teniendo el auspicio de la Federaci\u00f3n lo puedan hacer. As\u00ed que hay mucha gente, mucho esquiador y eso me tiene contento\u201d, coment\u00f3 Weinstein. <\/font><\/span><\/p>\n<p style=\"margin: 0cm 0cm 0pt\" class=\"MsoNormal\">&nbsp;<\/p>\n<p style=\"margin: 0cm 0cm 0pt\" class=\"MsoNormal\"><span style=\"font-family: Arial; font-size: 10pt\"><font color=\"#000000\">El directivo del evento coment\u00f3 que la gran novedad de la competencia fue la gran participaci\u00f3n de esquiadores, debido a la irrupci\u00f3n en la disciplina de una buena cantidad de participantes amateurs. <\/font><\/span><\/p>\n<p style=\"margin: 0cm 0cm 0pt\" class=\"MsoNormal\">&nbsp;<\/p>\n<p style=\"margin: 0cm 0cm 0pt\" class=\"MsoNormal\"><span style=\"font-family: Arial; font-size: 10pt\"><font color=\"#000000\">\u201cHay dos categor\u00edas ahora, que incluye gente que no pasa a la pista grande, ahora hay pista chica y pista grande. En un deporte que normalmente ten\u00edamos 50 esquiadores, que se hayan incorporado 25 m\u00e1s es mucho. Es mucho un 50 por ciento m\u00e1s de esquiadores y eso es lo m\u00e1s importante de la temporada, todos los esquiadores que se metieron en el Torneo Amateur\u201d, coment\u00f3 el dirigente.<\/font><\/span><\/p>\n<p style=\"margin: 0cm 0cm 0pt\" class=\"MsoNormal\">&nbsp;<\/p>\n<p style=\"margin: 0cm 0cm 0pt\" class=\"MsoNormal\"><strong><span style=\"font-family: Arial; font-size: 10pt\"><font color=\"#000000\">Su mejor momento como esquiador<\/font><\/span><\/strong><\/p>\n<p style=\"margin: 0cm 0cm 0pt\" class=\"MsoNormal\"><span style=\"font-family: Arial; font-size: 10pt\"><font color=\"#000000\">\u00a0\u00a0\u00a0\u00a0\u00a0\u00a0\u00a0\u00a0\u00a0\u00a0\u00a0\u00a0\u00a0\u00a0\u00a0\u00a0\u00a0\u00a0\u00a0\u00a0\u00a0 <\/font><\/span><\/p>\n<p style=\"margin: 0cm 0cm 0pt\" class=\"MsoNormal\"><span style=\"font-family: Arial; font-size: 10pt\"><font color=\"#000000\">Sergio Weinstein est\u00e1 contento por su des<\/font><\/span><span style=\"font-family: Arial; font-size: 10pt\"><font color=\"#000000\">empe\u00f1o en la temporada que termin\u00f3, sostiene que se encuentra en su mejor temporada y con muchas ganas de seguir dando la pelea en slalom senior. En la Copa Andr\u00f3maco realiz\u00f3 una marca de 2 boyas en 12 metros. <\/font><\/span><\/p>\n<p style=\"margin: 0cm 0cm 0pt\" class=\"MsoNormal\">&nbsp;<\/p>\n<p style=\"margin: 0cm 0cm 0pt\" class=\"MsoNormal\"><span style=\"font-family: Arial; font-size: 10pt\"><font color=\"#000000\">\u201cEste es un deporte muy noble que te permite seguir esquiando bien, seguir mejorando tu marca cada a\u00f1o, pese a que los a\u00f1os tambi\u00e9n nos pasan. Pero tiene esa particularidad, que a diferencia de otros deportes, puede seguir esquiando\u201d, coment\u00f3 Weinstein.<\/font><\/span><\/p>\n<p style=\"margin: 0cm 0cm 0pt\" class=\"MsoNormal\">&nbsp;<\/p>\n<p style=\"margin: 0cm 0cm 0pt\" class=\"MsoNormal\"><span style=\"font-family: Arial; font-size: 10pt\"><font color=\"#000000\">\u201cPor ejemplo, no se nota en las marcas m\u00edas, pero yo estoy esquiando mejor que nunca. Y eso nos pasa a todos, si tu ves a todos los esquiadores como Robert (Ritter) que est\u00e1 esquiando muy bien y Rub\u00e9n (Rosenberg) que lo hace cada vez mejor\u201d, a\u00f1adi\u00f3.<\/font><\/span><\/p>\n<p style=\"margin: 0cm 0cm 0pt\" class=\"MsoNormal\">&nbsp;<\/p>\n<p style=\"margin: 0cm 0cm 0pt\" class=\"MsoNormal\"><span style=\"font-family: Arial; font-size: 10pt\"><font color=\"#000000\">El esquiador criollo se encuentra contento con el trabajo que ha realizado con el t\u00e9cnico nacional Tanguy Benet, coment\u00f3 que seguir\u00e1 entrenando en Chile y que espera acortar las diferencias con su compa\u00f1ero Rub\u00e9n Rosenberg.<\/font><\/span><\/p>\n<p style=\"margin: 0cm 0cm 0pt\" class=\"MsoNormal\">&nbsp;<\/p>\n<p style=\"margin: 0cm 0cm 0pt\" class=\"MsoNormal\"><span style=\"font-family: Arial; font-size: 10pt\"><font color=\"#000000\">\u201cEstuve trabajando con Tanguy (Benet) en las boyas impares que son las m\u00e1s dif\u00edciles y ahora me toca trabajar en invierno s\u00f3lo en un plan de trabajo que me dej\u00f3 \u00e9l de las boyas pares. Voy a trabajar ac\u00e1 en Chile y quiero ir a ver a Tanguy una semana en Junio all\u00e1\u201d, explic\u00f3 Weinstein.<\/font><\/span><\/p>\n<p style=\"margin: 0cm 0cm 0pt\" class=\"MsoNormal\">&nbsp;<\/p>\n<p><span style=\"font-family: Arial; font-size: 10pt\"><font color=\"#000000\">\u201cQue se preocupe Rosenberg, no s\u00e9 si este a\u00f1o lo logro, pero se tiene que preocupar. Quiero quedar a una boya de \u00e9l y no a cuatro, mi meta es quedar solamente a una boya de \u00e9l\u201d, concluy\u00f3.<\/font><\/span><\/p>\n","protected":false},"excerpt":{"rendered":"<p>El organizador del certamen se mostr\u00f3 muy contento con la gran participaci\u00f3n de esquiadores en la \u00faltima competencia de la<\/p>\n","protected":false},"author":2,"featured_media":0,"comment_status":"closed","ping_status":"open","sticky":false,"template":"","format":"standard","meta":[],"categories":[1],"tags":[],"_links":{"self":[{"href":"http:\/\/www.esquinautico.cl\/index.php?rest_route=\/wp\/v2\/posts\/1196"}],"collection":[{"href":"http:\/\/www.esquinautico.cl\/index.php?rest_route=\/wp\/v2\/posts"}],"about":[{"href":"http:\/\/www.esquinautico.cl\/index.php?rest_route=\/wp\/v2\/types\/post"}],"author":[{"embeddable":true,"href":"http:\/\/www.esquinautico.cl\/index.php?rest_route=\/wp\/v2\/users\/2"}],"replies":[{"embeddable":true,"href":"http:\/\/www.esquinautico.cl\/index.php?rest_route=%2Fwp%2Fv2%2Fcomments&post=1196"}],"version-history":[{"count":0,"href":"http:\/\/www.esquinautico.cl\/index.php?rest_route=\/wp\/v2\/posts\/1196\/revisions"}],"wp:attachment":[{"href":"http:\/\/www.esquinautico.cl\/index.php?rest_route=%2Fwp%2Fv2%2Fmedia&parent=1196"}],"wp:term":[{"taxonomy":"category","embeddable":true,"href":"http:\/\/www.esquinautico.cl\/index.php?rest_route=%2Fwp%2Fv2%2Fcategories&post=1196"},{"taxonomy":"post_tag","embeddable":true,"href":"http:\/\/www.esquinautico.cl\/index.php?rest_route=%2Fwp%2Fv2%2Ftags&post=1196"}],"curies":[{"name":"wp","href":"https:\/\/api.w.org\/{rel}","templated":true}]}}