{"id":1197,"date":"2011-04-21T00:50:00","date_gmt":"2011-04-21T00:50:00","guid":{"rendered":"http:\/\/www.esquinautico.cl\/nuevo\/?p=1197"},"modified":"2011-04-21T00:50:00","modified_gmt":"2011-04-21T00:50:00","slug":"valentina-mostro-sus-credenciales","status":"publish","type":"post","link":"http:\/\/www.esquinautico.cl\/?p=1197","title":{"rendered":"VALENTINA MOSTR\u00d3 SUS CREDENCIALES"},"content":{"rendered":"<p><!--[if gte mso 9]><xml>  <w:WordDocument>   <w:View>Normal<\/w:View>   <w:Zoom>0<\/w:Zoom>   <w:HyphenationZone>21<\/w:HyphenationZone>   <w:PunctuationKerning\/>   <w:ValidateAgainstSchemas\/>   <w:SaveIfXMLInvalid>false<\/w:SaveIfXMLInvalid>   <w:IgnoreMixedContent>false<\/w:IgnoreMixedContent>   <w:AlwaysShowPlaceholderText>false<\/w:AlwaysShowPlaceholderText>   <w:Compatibility>    <w:BreakWrappedTables\/>    <w:SnapToGridInCell\/>    <w:WrapTextWithPunct\/>    <w:UseAsianBreakRules\/>    <w:DontGrowAutofit\/>   <\/w:Compatibility>   <w:BrowserLevel>MicrosoftInternetExplorer4<\/w:BrowserLevel>  <\/w:WordDocument> <\/xml><![endif]--><!--[if gte mso 9]><xml>  <w:LatentStyles DefLockedState=\"false\" LatentStyleCount=\"156\">  <\/w:LatentStyles> <\/xml><![endif]--><!--[if !mso]>\n\n<div   classid=\"clsid:38481807-CA0E-42D2-BF39-B33AF135CC4D\" id=ieooui><\/div>\n\n \n\n<style> st1:*{behavior:url(#ieooui) } <\/style>\n\n <![endif]--><!--[if gte mso 10]> \n\n<style>  \/* Style Definitions *\/  table.MsoNormalTable \t{mso-style-name:\"Tabla normal\"; \tmso-tstyle-rowband-size:0; \tmso-tstyle-colband-size:0; \tmso-style-noshow:yes; \tmso-style-parent:\"\"; \tmso-padding-alt:0cm 5.4pt 0cm 5.4pt; \tmso-para-margin:0cm; \tmso-para-margin-bottom:.0001pt; \tmso-pagination:widow-orphan; \tfont-size:10.0pt; \tfont-family:\"Times New Roman\"; \tmso-ansi-language:#0400; \tmso-fareast-language:#0400; \tmso-bidi-language:#0400;} <\/style>\n\n <![endif]-->  <\/p>\n<p class=\"MsoNormal\"><strong><font color=\"#000000\"><span style=\"font-size: 10pt; font-family: Arial\">Campeona nacional infantil clasific\u00f3 a las tres finales en el Latinoamericano de M\u00e9xico y qued\u00f3 con la primera opci\u00f3n para garar el overall. <\/span><\/font><\/strong><\/p>\n<p class=\"MsoNormal\"><font color=\"#000000\"><span style=\"font-size: 10pt; font-family: Arial\">\u00a0<\/span><\/font><\/p>\n<p class=\"MsoNormal\"><img loading=\"lazy\" src=\"images\/stories\/esquinautico\/dsc_9438.jpg\" border=\"0\" width=\"250\" height=\"301\" align=\"left\" \/><font color=\"#000000\"><span style=\"font-size: 10pt; font-family: Arial\">Tres opciones de medallas tiene Valentina Gonz\u00e1lez, \u00fanica representante chilena en el Campeonato Latinoamericano de Esqu\u00ed N\u00e1utico 2011, que desde este mi\u00e9rcoles se disputa en Tequesquitengo, M\u00e9xico.<\/span><\/font><\/p>\n<p class=\"MsoNormal\"><font color=\"#000000\"><span style=\"font-size: 10pt; font-family: Arial\">\u00a0<\/span><\/font><\/p>\n<p class=\"MsoNormal\"><font color=\"#000000\"><span style=\"font-size: 10pt; font-family: Arial\">La campeona nacional infantil marc\u00f3 una brillante presentaci\u00f3n en la ronda clasificatoria, logrando el paso a las tres finales que se comienzan a disputar desde este jueves.<\/span><\/font><\/p>\n<p class=\"MsoNormal\"><font color=\"#000000\"><span style=\"font-size: 10pt; font-family: Arial\">\u00a0<\/span><\/font><\/p>\n<p class=\"MsoNormal\"><font color=\"#000000\"><span style=\"font-size: 10pt; font-family: Arial\">En slalom, la seleccionada chilena se ubic\u00f3 en el primer lugar de la eliminatoria con 2 \u00bd boyas a 13  metros; en tanto que en salto tambi\u00e9n lider\u00f3 la puntuaci\u00f3n con 17.90 metros (r\u00e9cord personal); mientras que en figuras clasific\u00f3 segunda con una marca de 3000 puntos.<\/span><\/font><\/p>\n<p class=\"MsoNormal\"><font color=\"#000000\"><span style=\"font-size: 10pt; font-family: Arial\">\u00a0<\/span><\/font><\/p>\n<p class=\"MsoNormal\"><strong><font color=\"#000000\"><span style=\"font-size: 10pt; font-family: Arial\">Campeonato Latinoamericano de Esqu\u00ed N\u00e1utico, M\u00e9xico 2011<\/span><\/font><\/strong><\/p>\n<p class=\"MsoNormal\"><strong><font color=\"#000000\"><span style=\"font-size: 10pt; font-family: Arial\">\u00a0<\/span><\/font><\/strong><\/p>\n<p class=\"MsoNormal\"><strong><font color=\"#000000\"><span style=\"font-size: 10pt; font-family: Arial\">Clasificatorias Infantil Femenino<\/span><\/font><\/strong><\/p>\n<p class=\"MsoNormal\">&nbsp;<\/p>\n<p class=\"MsoNormal\"><strong><font color=\"#000000\"><span style=\"font-size: 10pt; font-family: Arial\">Slalom<\/span><\/font><\/strong><\/p>\n<p class=\"MsoNormal\"><strong><font color=\"#ff0000\"><span style=\"font-size: 10pt; font-family: Arial\">1\u00ba Valentina Gonz\u00e1lez \/ Chile \/ 2 1\/2 @ 4<\/span><\/font><\/strong><\/p>\n<p class=\"MsoNormal\"><font color=\"#000000\"><span style=\"font-size: 10pt; font-family: Arial\">2\u00ba Alejandra de Osma \/ Per\u00fa \/ 2 1\/2 @ 2<\/span><\/font><\/p>\n<p class=\"MsoNormal\"><font color=\"#000000\"><span style=\"font-size: 10pt; font-family: Arial\">3\u00ba Karina S\u00e1nchez \/ M\u00e9xico \/ 1 1\/2 @ 2<\/span><\/font><\/p>\n<p class=\"MsoNormal\"><font color=\"#000000\"><span style=\"font-size: 10pt; font-family: Arial\">4\u00ba Silvia Z\u00e1rate \/ Colombia \/ 3 @ 52<\/span><\/font><\/p>\n<p class=\"MsoNormal\">&nbsp;<\/p>\n<p class=\"MsoNormal\"><strong><font color=\"#000000\"><span style=\"font-size: 10pt; font-family: Arial\">Figuras<\/span><\/font><\/strong><\/p>\n<p class=\"MsoNormal\"><font color=\"#000000\"><span style=\"font-size: 10pt; font-family: Arial\">1\u00ba Paloma Giordano \/ Argentina \/ 3.080 puntos<\/span><\/font><\/p>\n<p class=\"MsoNormal\"><strong><font color=\"#ff0000\"><span style=\"font-size: 10pt; font-family: Arial\">2\u00ba Valentina Gonz\u00e1lez \/ Chile \/ 3.000 puntos<\/span><\/font><\/strong><\/p>\n<p class=\"MsoNormal\"><font color=\"#000000\"><span style=\"font-size: 10pt; font-family: Arial\">3\u00ba Silvia Z\u00e1rate \/ Colombia \/ 1.300 puntos<\/span><\/font><\/p>\n<p class=\"MsoNormal\"><font color=\"#000000\"><span style=\"font-size: 10pt; font-family: Arial\">4\u00ba Alejandra de Osma \/ Per\u00fa \/ 1.200 puntos<br \/> <\/span><\/font><\/p>\n<p class=\"MsoNormal\">&nbsp;<\/p>\n<p class=\"MsoNormal\"><strong><font color=\"#000000\"><span style=\"font-size: 10pt; font-family: Arial\">Salto: <\/span><\/font><\/strong><\/p>\n<p class=\"MsoNormal\"><strong><font color=\"#ff0000\"><span style=\"font-size: 10pt; font-family: Arial\">1\u00ba Valentina Gonz\u00e1lez \/ Chile \/ 17.9 mts.<\/span><\/font><\/strong><\/p>\n<p class=\"MsoNormal\"><font color=\"#000000\"><span style=\"font-size: 10pt; font-family: Arial\">2\u00ba Alejandra de Osma \/ Per\u00fa \/ 12.9mts.<\/span><\/font><\/p>\n<p class=\"MsoNormal\"><font color=\"#000000\"><span style=\"font-size: 10pt; font-family: Arial\">3\u00ba Silvia Z\u00e1rate \/ Colombia \/ 11.9 mts.<\/span><\/font><\/p>\n","protected":false},"excerpt":{"rendered":"<p>Campeona nacional infantil clasific\u00f3 a las tres finales en el Latinoamericano de M\u00e9xico y qued\u00f3 con la primera opci\u00f3n para<\/p>\n","protected":false},"author":2,"featured_media":0,"comment_status":"closed","ping_status":"open","sticky":false,"template":"","format":"standard","meta":[],"categories":[1],"tags":[],"_links":{"self":[{"href":"http:\/\/www.esquinautico.cl\/index.php?rest_route=\/wp\/v2\/posts\/1197"}],"collection":[{"href":"http:\/\/www.esquinautico.cl\/index.php?rest_route=\/wp\/v2\/posts"}],"about":[{"href":"http:\/\/www.esquinautico.cl\/index.php?rest_route=\/wp\/v2\/types\/post"}],"author":[{"embeddable":true,"href":"http:\/\/www.esquinautico.cl\/index.php?rest_route=\/wp\/v2\/users\/2"}],"replies":[{"embeddable":true,"href":"http:\/\/www.esquinautico.cl\/index.php?rest_route=%2Fwp%2Fv2%2Fcomments&post=1197"}],"version-history":[{"count":0,"href":"http:\/\/www.esquinautico.cl\/index.php?rest_route=\/wp\/v2\/posts\/1197\/revisions"}],"wp:attachment":[{"href":"http:\/\/www.esquinautico.cl\/index.php?rest_route=%2Fwp%2Fv2%2Fmedia&parent=1197"}],"wp:term":[{"taxonomy":"category","embeddable":true,"href":"http:\/\/www.esquinautico.cl\/index.php?rest_route=%2Fwp%2Fv2%2Fcategories&post=1197"},{"taxonomy":"post_tag","embeddable":true,"href":"http:\/\/www.esquinautico.cl\/index.php?rest_route=%2Fwp%2Fv2%2Ftags&post=1197"}],"curies":[{"name":"wp","href":"https:\/\/api.w.org\/{rel}","templated":true}]}}