{"id":1200,"date":"2011-04-21T23:36:38","date_gmt":"2011-04-21T23:36:38","guid":{"rendered":"http:\/\/www.esquinautico.cl\/nuevo\/?p=1200"},"modified":"2011-04-21T23:36:38","modified_gmt":"2011-04-21T23:36:38","slug":"valentina-gonzalez-arrasa-en-mexico","status":"publish","type":"post","link":"http:\/\/www.esquinautico.cl\/?p=1200","title":{"rendered":"VALENTINA GONZ\u00c1LEZ ARRASA EN M\u00c9XICO"},"content":{"rendered":"<p><!--[if gte mso 9]><xml>  <w:WordDocument>   <w:View>Normal<\/w:View>   <w:Zoom>0<\/w:Zoom>   <w:HyphenationZone>21<\/w:HyphenationZone>   <w:PunctuationKerning\/>   <w:ValidateAgainstSchemas\/>   <w:SaveIfXMLInvalid>false<\/w:SaveIfXMLInvalid>   <w:IgnoreMixedContent>false<\/w:IgnoreMixedContent>   <w:AlwaysShowPlaceholderText>false<\/w:AlwaysShowPlaceholderText>   <w:Compatibility>    <w:BreakWrappedTables\/>    <w:SnapToGridInCell\/>    <w:WrapTextWithPunct\/>    <w:UseAsianBreakRules\/>    <w:DontGrowAutofit\/>   <\/w:Compatibility>   <w:BrowserLevel>MicrosoftInternetExplorer4<\/w:BrowserLevel>  <\/w:WordDocument> <\/xml><![endif]--><!--[if gte mso 9]><xml>  <w:LatentStyles DefLockedState=\"false\" LatentStyleCount=\"156\">  <\/w:LatentStyles> <\/xml><![endif]--><!--[if !mso]>\n\n<div   classid=\"clsid:38481807-CA0E-42D2-BF39-B33AF135CC4D\" id=ieooui><\/div>\n\n \n\n<style> st1:*{behavior:url(#ieooui) } <\/style>\n\n <![endif]--><!--[if gte mso 10]> \n\n<style>  \/* Style Definitions *\/  table.MsoNormalTable \t{mso-style-name:\"Tabla normal\"; \tmso-tstyle-rowband-size:0; \tmso-tstyle-colband-size:0; \tmso-style-noshow:yes; \tmso-style-parent:\"\"; \tmso-padding-alt:0cm 5.4pt 0cm 5.4pt; \tmso-para-margin:0cm; \tmso-para-margin-bottom:.0001pt; \tmso-pagination:widow-orphan; \tfont-size:10.0pt; \tfont-family:\"Times New Roman\"; \tmso-ansi-language:#0400; \tmso-fareast-language:#0400; \tmso-bidi-language:#0400;} <\/style>\n\n <![endif]-->  <\/p>\n<p class=\"MsoNormal\"><strong><font color=\"#000000\"><span style=\"font-size: 10pt; font-family: Arial\">Campeona nacional se impuso en las cuatro finales infantiles del Campeonato Latinoamericano 2011<\/span><\/font><\/strong><\/p>\n<p class=\"MsoNormal\"><font color=\"#000000\"><span style=\"font-size: 10pt; font-family: Arial\">\u00a0<\/span><\/font><\/p>\n<p class=\"MsoNormal\"><img loading=\"lazy\" src=\"images\/stories\/esquinautico\/img00183-20110421-2147.jpg\" border=\"0\" width=\"250\" height=\"283\" align=\"left\" \/><font color=\"#000000\"><span style=\"font-size: 10pt; font-family: Arial\">Valentina Gonz\u00e1lez cerr\u00f3 esta tarde una jornada magn\u00edfica, luego que a los t\u00edtulos de figuras y slalom le sumara en la ronda final la medalla de oro en salto y overall, logrando de esta manera los cuatro t\u00edtulos que puso en disputa en la serie infantil el Campeonato Latinoamericano de M\u00e9xico 2011.<\/span><\/font><\/p>\n<p class=\"MsoNormal\"><font color=\"#000000\"><span style=\"font-size: 10pt; font-family: Arial\">\u00a0<\/span><\/font><\/p>\n<p class=\"MsoNormal\"><font color=\"#000000\"><span style=\"font-size: 10pt; font-family: Arial\">En la rampa del lago Aqua Ski de Tequesquitengo, la campeona nacional ratific\u00f3 la superioridad que hab\u00eda exhibido en la ronda eliminatoria y con un brinco de 17,90 metros se impuso en la serie final.<\/span><\/font><\/p>\n<p class=\"MsoNormal\"><font color=\"#000000\"><span style=\"font-size: 10pt; font-family: Arial\">\u00a0<\/span><\/font><\/p>\n<p class=\"MsoNormal\"><font color=\"#000000\"><span style=\"font-size: 10pt; font-family: Arial\">El t\u00edtulo en salto y las medallas de oro que consigui\u00f3 a media tarde en slalom (1 \u00bd boya a 14,25  metros) y figuras (3.370 puntos), le permitieron a la campeona chilena, adem\u00e1s, conseguir el primer lugar en el overall, tras sumar inalcanzables 2.651 puntos.<\/span><\/font><\/p>\n<p class=\"MsoNormal\"><font color=\"#000000\"><span style=\"font-size: 10pt; font-family: Arial\">\u00a0<\/span><\/font><\/p>\n<p class=\"MsoNormal\"><font color=\"#000000\"><span style=\"font-size: 10pt; font-family: Arial\">\u201cSiempre quise venir a este torneo porque pensaba que pod\u00eda ganar medallas, pero nunca pens\u00e9 que pod\u00eda ganar las cuatro de oro\u201d dijo muy emocionada desde M\u00e9xico la seleccionada nacional.<\/span><\/font><\/p>\n<p class=\"MsoNormal\"><font color=\"#000000\"><span style=\"font-size: 10pt; font-family: Arial\">\u00a0<\/span><\/font><\/p>\n<p class=\"MsoNormal\"><font color=\"#000000\"><span style=\"font-size: 10pt; font-family: Arial\">La notable actuaci\u00f3n de Gonz\u00e1lez tambi\u00e9n fue evaluada por su entrenador, el campe\u00f3n panamericano Rodrigo Miranda \u201cElla se lo merece. Es un ejemplo de compromiso, perseverancia y ganas. Tiene una enorme proyecci\u00f3n en el esqu\u00ed\u201d dijo el campe\u00f3n de los World Games.<\/span><\/font><\/p>\n<p class=\"MsoNormal\"><font color=\"#000000\"><span style=\"font-size: 10pt; font-family: Arial\">\u00a0<\/span><\/font><\/p>\n<p>  <font color=\"#000000\"><span style=\"font-size: 10pt; font-family: Arial\">El paso de la seleccionada nacional por las aguas mexicanas no solo destaca por las medallas, sino tambi\u00e9n por el r\u00e9cord personal que apunt\u00f3 en salto (17,90) y el r\u00e9cord latinoamericano que alcanz\u00f3 en slalom (2 \u00bd boyas a 13 metros en la ronda clasificatoria)<\/span><\/font><\/p>\n","protected":false},"excerpt":{"rendered":"<p>Campeona nacional se impuso en las cuatro finales infantiles del Campeonato Latinoamericano 2011 \u00a0 Valentina Gonz\u00e1lez cerr\u00f3 esta tarde una<\/p>\n","protected":false},"author":2,"featured_media":0,"comment_status":"closed","ping_status":"open","sticky":false,"template":"","format":"standard","meta":[],"categories":[1],"tags":[],"_links":{"self":[{"href":"http:\/\/www.esquinautico.cl\/index.php?rest_route=\/wp\/v2\/posts\/1200"}],"collection":[{"href":"http:\/\/www.esquinautico.cl\/index.php?rest_route=\/wp\/v2\/posts"}],"about":[{"href":"http:\/\/www.esquinautico.cl\/index.php?rest_route=\/wp\/v2\/types\/post"}],"author":[{"embeddable":true,"href":"http:\/\/www.esquinautico.cl\/index.php?rest_route=\/wp\/v2\/users\/2"}],"replies":[{"embeddable":true,"href":"http:\/\/www.esquinautico.cl\/index.php?rest_route=%2Fwp%2Fv2%2Fcomments&post=1200"}],"version-history":[{"count":0,"href":"http:\/\/www.esquinautico.cl\/index.php?rest_route=\/wp\/v2\/posts\/1200\/revisions"}],"wp:attachment":[{"href":"http:\/\/www.esquinautico.cl\/index.php?rest_route=%2Fwp%2Fv2%2Fmedia&parent=1200"}],"wp:term":[{"taxonomy":"category","embeddable":true,"href":"http:\/\/www.esquinautico.cl\/index.php?rest_route=%2Fwp%2Fv2%2Fcategories&post=1200"},{"taxonomy":"post_tag","embeddable":true,"href":"http:\/\/www.esquinautico.cl\/index.php?rest_route=%2Fwp%2Fv2%2Ftags&post=1200"}],"curies":[{"name":"wp","href":"https:\/\/api.w.org\/{rel}","templated":true}]}}