{"id":1202,"date":"2011-05-02T13:48:53","date_gmt":"2011-05-02T13:48:53","guid":{"rendered":"http:\/\/www.esquinautico.cl\/nuevo\/?p=1202"},"modified":"2011-05-02T13:48:53","modified_gmt":"2011-05-02T13:48:53","slug":"pipe-2-0","status":"publish","type":"post","link":"http:\/\/www.esquinautico.cl\/?p=1202","title":{"rendered":"PIPE 2.0"},"content":{"rendered":"<p><!--[if gte mso 9]><xml>  <w:WordDocument>   <w:View>Normal<\/w:View>   <w:Zoom>0<\/w:Zoom>   <w:HyphenationZone>21<\/w:HyphenationZone>   <w:PunctuationKerning\/>   <w:ValidateAgainstSchemas\/>   <w:SaveIfXMLInvalid>false<\/w:SaveIfXMLInvalid>   <w:IgnoreMixedContent>false<\/w:IgnoreMixedContent>   <w:AlwaysShowPlaceholderText>false<\/w:AlwaysShowPlaceholderText>   <w:Compatibility>    <w:BreakWrappedTables\/>    <w:SnapToGridInCell\/>    <w:WrapTextWithPunct\/>    <w:UseAsianBreakRules\/>    <w:DontGrowAutofit\/>   <\/w:Compatibility>   <w:BrowserLevel>MicrosoftInternetExplorer4<\/w:BrowserLevel>  <\/w:WordDocument> <\/xml><![endif]--><!--[if gte mso 9]><xml>  <w:LatentStyles DefLockedState=\"false\" LatentStyleCount=\"156\">  <\/w:LatentStyles> <\/xml><![endif]--><!--[if gte mso 10]> \n\n<style>  \/* Style Definitions *\/  table.MsoNormalTable \t{mso-style-name:\"Tabla normal\"; \tmso-tstyle-rowband-size:0; \tmso-tstyle-colband-size:0; \tmso-style-noshow:yes; \tmso-style-parent:\"\"; \tmso-padding-alt:0cm 5.4pt 0cm 5.4pt; \tmso-para-margin:0cm; \tmso-para-margin-bottom:.0001pt; \tmso-pagination:widow-orphan; \tfont-size:10.0pt; \tfont-family:\"Times New Roman\"; \tmso-ansi-language:#0400; \tmso-fareast-language:#0400; \tmso-bidi-language:#0400;} <\/style>\n\n <![endif]-->  <\/p>\n<p class=\"MsoNormal\"><strong><font color=\"#000000\"><span style=\"font-size: 10pt; font-family: Arial\">Un renovado Felipe Miranda se integr\u00f3 este lunes al trabajo del equipo chileno en Estados Unidos<\/span><\/font><\/strong><\/p>\n<p class=\"MsoNormal\"><font color=\"#000000\"><span style=\"font-size: 10pt; font-family: Arial\">\u00a0<\/span><\/font><\/p>\n<p class=\"MsoNormal\"><img loading=\"lazy\" src=\"images\/stories\/esquinautico\/ski%20nautico%202011%20nacional%20figura%20felipe%20miranda%20xp1l7320.jpg\" border=\"0\" width=\"250\" height=\"314\" align=\"left\" \/><font color=\"#000000\"><span style=\"font-size: 10pt; font-family: Arial\">Este lunes se integr\u00f3 al trabajo en Estados Unidos el campe\u00f3n nacional Felipe Miranda, quien al igual que su hermano Rodrigo se prepara en Estados Unidos para enfrentar los eventos fundamentales de la temporada.<\/span><\/font><\/p>\n<p class=\"MsoNormal\"><font color=\"#000000\"><span style=\"font-size: 10pt; font-family: Arial\">\u00a0<\/span><\/font><\/p>\n<p class=\"MsoNormal\"><font color=\"#000000\"><span style=\"font-size: 10pt; font-family: Arial\">Una<span>\u00a0 <\/span>exitosa campa\u00f1a en el plano local precedi\u00f3 el viaje a Destin de Pipe, quien logr\u00f3 una completa recuperaci\u00f3n a sus lesiones en su extenso periodo en Santiago.<\/span><\/font><\/p>\n<p class=\"MsoNormal\"><font color=\"#000000\"><span style=\"font-size: 10pt; font-family: Arial\">\u00a0<\/span><\/font><\/p>\n<p class=\"MsoNormal\"><font color=\"#000000\"><span style=\"font-size: 10pt; font-family: Arial\">\u201cVuelvo con muchas ganas. Hay un mont\u00f3n de desaf\u00edos por delante y quiero llegar bien preparado a todos. Este periodo me sirvi\u00f3 para crecer mucho como deportista y entender que los procesos no hay que apurarlos\u201d dijo antes de partir el campe\u00f3n nacional 2011.<\/span><\/font><\/p>\n<p class=\"MsoNormal\"><font color=\"#000000\"><span style=\"font-size: 10pt; font-family: Arial\">\u00a0<\/span><\/font><\/p>\n<p class=\"MsoNormal\"><font color=\"#000000\"><span style=\"font-size: 10pt; font-family: Arial\">La buena forma en lo f\u00edsico, t\u00e9cnico y mental que alcanz\u00f3 en Chile el seleccionado nacional qued\u00f3 en evidencia con resultados sorprendentes, que claramente hablan de un Pipe 2.0; mucho m\u00e1s maduro pero con la misma mente ganadora que siempre le ha caracterizado.<\/span><\/font><\/p>\n<p class=\"MsoNormal\"><font color=\"#000000\"><span style=\"font-size: 10pt; font-family: Arial\">\u00a0<\/span><\/font><\/p>\n<p class=\"MsoNormal\"><font color=\"#000000\"><span style=\"font-size: 10pt; font-family: Arial\">Un r\u00e9cord nacional de figuras (10.180 puntos), varias pasadas por el s\u00e9ptimo recorte en distintos torneos y lagos, y los cuatro t\u00edtulos nacionales de la temporada, son solo una muestra del nivel con que Miranda retorn\u00f3 a su habitual trabajo en Estados Unidos.<\/span><\/font><\/p>\n<p class=\"MsoNormal\"><font color=\"#000000\"><span style=\"font-size: 10pt; font-family: Arial\">\u00a0<\/span><\/font><\/p>\n<p class=\"MsoNormal\"><font color=\"#000000\"><span style=\"font-size: 10pt; font-family: Arial\">\u201cEl Mundial y los Panamericanos de Guadalajara son los eventos a los que espero llegar bien preparado. Hay mucho trabajo por hacer, pero lo importante es que llego sin lesiones y con muchas ganas\u201d dijo el ex campe\u00f3n mundial juvenil y sub21.<\/span><\/font><\/p>\n<p class=\"MsoNormal\">&nbsp;<\/p>\n<p class=\"MsoNormal\">ENLACE <\/p>\n<p><a href=\"index.php?option=com_content&#038;view=article&#038;id=269:maxima-figura&#038;catid=35:noticias&#038;Itemid=59\">http:\/\/esquinautico.cl\/index.php?option=com_content&#038;view=article&#038;id=269:maxima-figura&#038;catid=35:noticias&#038;Itemid=59<\/a><\/p>\n<p class=\"MsoNormal\"><font color=\"#000000\"><span style=\"font-size: 10pt; font-family: Arial\">\u00a0<\/span><\/font><\/p>\n","protected":false},"excerpt":{"rendered":"<p>Un renovado Felipe Miranda se integr\u00f3 este lunes al trabajo del equipo chileno en Estados Unidos \u00a0 Este lunes se<\/p>\n","protected":false},"author":2,"featured_media":0,"comment_status":"closed","ping_status":"open","sticky":false,"template":"","format":"standard","meta":[],"categories":[1],"tags":[],"_links":{"self":[{"href":"http:\/\/www.esquinautico.cl\/index.php?rest_route=\/wp\/v2\/posts\/1202"}],"collection":[{"href":"http:\/\/www.esquinautico.cl\/index.php?rest_route=\/wp\/v2\/posts"}],"about":[{"href":"http:\/\/www.esquinautico.cl\/index.php?rest_route=\/wp\/v2\/types\/post"}],"author":[{"embeddable":true,"href":"http:\/\/www.esquinautico.cl\/index.php?rest_route=\/wp\/v2\/users\/2"}],"replies":[{"embeddable":true,"href":"http:\/\/www.esquinautico.cl\/index.php?rest_route=%2Fwp%2Fv2%2Fcomments&post=1202"}],"version-history":[{"count":0,"href":"http:\/\/www.esquinautico.cl\/index.php?rest_route=\/wp\/v2\/posts\/1202\/revisions"}],"wp:attachment":[{"href":"http:\/\/www.esquinautico.cl\/index.php?rest_route=%2Fwp%2Fv2%2Fmedia&parent=1202"}],"wp:term":[{"taxonomy":"category","embeddable":true,"href":"http:\/\/www.esquinautico.cl\/index.php?rest_route=%2Fwp%2Fv2%2Fcategories&post=1202"},{"taxonomy":"post_tag","embeddable":true,"href":"http:\/\/www.esquinautico.cl\/index.php?rest_route=%2Fwp%2Fv2%2Ftags&post=1202"}],"curies":[{"name":"wp","href":"https:\/\/api.w.org\/{rel}","templated":true}]}}