{"id":1204,"date":"2011-05-20T12:41:07","date_gmt":"2011-05-20T12:41:07","guid":{"rendered":"http:\/\/www.esquinautico.cl\/nuevo\/?p=1204"},"modified":"2011-05-20T12:41:07","modified_gmt":"2011-05-20T12:41:07","slug":"el-cdo-favorecera-al-esqui-nautico","status":"publish","type":"post","link":"http:\/\/www.esquinautico.cl\/?p=1204","title":{"rendered":"EL CDO FAVORECER\u00c1 AL ESQU\u00cd N\u00c1UTICO"},"content":{"rendered":"<p style=\"margin: 0cm 0cm 0pt\" class=\"MsoNormal\"><span style=\"font-family: Arial; font-size: 10pt\"><font color=\"#000000\"><strong>El Canal del Deporte Ol\u00edmpico ser\u00e1 una plataforma en donde se mostrar\u00e1n logros y competencias de los deportistas nacionales.<\/strong><\/font><\/span><\/p>\n<p style=\"margin: 0cm 0cm 0pt\" class=\"MsoNormal\">&nbsp;<\/p>\n<p style=\"margin: 0cm 0cm 0pt\" class=\"MsoNormal\"><span style=\"font-family: Arial; font-size: 10pt\"><font color=\"#000000\"><img loading=\"lazy\" src=\"images\/stories\/esquinautico\/cdo250.jpg\" border=\"0\" width=\"250\" height=\"291\" align=\"left\" \/>Este jueves se realiz\u00f3 el lanzamiento oficial del Canal del Deporte Ol\u00edmpico (CDO), en donde particip\u00f3 el subsecretario de IND, Gabriel Ruiz-Tagle, y el presidente del Comit\u00e9 Ol\u00edmpico de Chile, Neven Ilic, y representando al Esqu\u00ed N\u00e1utico, Tiare Miranda. <\/font><\/span><\/p>\n<p style=\"margin: 0cm 0cm 0pt\" class=\"MsoNormal\">&nbsp;<\/p>\n<p style=\"margin: 0cm 0cm 0pt\" class=\"MsoNormal\"><span style=\"font-family: Arial; font-size: 10pt\"><font color=\"#000000\">La se\u00f1al televisiva nace con inversiones privadas e inversiones deportivas con el objetivo de dar vitrina medi\u00e1tica a las otras disciplinas del acontecer criollo, entre ellas <strong>los esquiadores de nuestro pa\u00eds.<\/strong><\/font><\/span><\/p>\n<p style=\"margin: 0cm 0cm 0pt\" class=\"MsoNormal\">&nbsp;<\/p>\n<p style=\"margin: 0cm 0cm 0pt\" class=\"MsoNormal\"><span style=\"font-family: Arial; font-size: 10pt\"><font color=\"#000000\">Gracias al nacimiento del CDO se realizar\u00e1n seguimiento a deportistas en sus competencias, se resaltar\u00e1n sus logros y habr\u00e1 programas noticiosos en donde se informar\u00e1 sobre sus participaciones.<\/font><\/span><\/p>\n<p style=\"margin: 0cm 0cm 0pt\" class=\"MsoNormal\">&nbsp;<\/p>\n<p style=\"margin: 0cm 0cm 0pt\" class=\"MsoNormal\"><span style=\"font-family: Arial; font-size: 10pt\"><font color=\"#000000\">Rodrigo, Tiare y Felipe Miranda, Valentina Gonz\u00e1lez, Rub\u00e9n Rosenberg, Nicole y Fernanda Naser, Pascale Ritter, y Diego Gonz\u00e1lez, <span>\u00a0<\/span>entre otros, tendr\u00e1n la oportunidad de demostrar el gran espect\u00e1culo y la competitividad de las disciplinas de salto, slalom y figuras.<\/font><\/span><\/p>\n<p style=\"margin: 0cm 0cm 0pt\" class=\"MsoNormal\">&nbsp;<\/p>\n<p style=\"margin: 0cm 0cm 0pt\" class=\"MsoNormal\"><span style=\"font-family: Arial; font-size: 10pt\"><font color=\"#000000\">Ruiz-Tagle asegur\u00f3 que espera que con esta nueva plataforma el deporte de alta competencia en nuestro pa\u00eds siga creciendo y que todas las disciplinas tengan una nueva plataforma para mostrar su desempe\u00f1o.<\/font><\/span><\/p>\n<p style=\"margin: 0cm 0cm 0pt\" class=\"MsoNormal\">&nbsp;<\/p>\n<p><span style=\"font-family: Arial; font-size: 10pt\"><font color=\"#000000\">\u00abEl Instituto Nacional de Deportes y el Comit\u00e9 Ol\u00edmpico de Chile han desarrollado una alianza para el logro de todos estos objetivos. Ser\u00e1 un apoyo para el correcto desarrollo de los planes deportivos y poder hacer que los recursos lleguen efectivamente a los deportistas y que \u00e9stos no se queden en el camino\u00bb, dijo el funcionario de Gobierno.<\/font><\/span><\/p>\n","protected":false},"excerpt":{"rendered":"<p>El Canal del Deporte Ol\u00edmpico ser\u00e1 una plataforma en donde se mostrar\u00e1n logros y competencias de los deportistas nacionales. &nbsp;<\/p>\n","protected":false},"author":2,"featured_media":0,"comment_status":"closed","ping_status":"open","sticky":false,"template":"","format":"standard","meta":[],"categories":[1],"tags":[],"_links":{"self":[{"href":"http:\/\/www.esquinautico.cl\/index.php?rest_route=\/wp\/v2\/posts\/1204"}],"collection":[{"href":"http:\/\/www.esquinautico.cl\/index.php?rest_route=\/wp\/v2\/posts"}],"about":[{"href":"http:\/\/www.esquinautico.cl\/index.php?rest_route=\/wp\/v2\/types\/post"}],"author":[{"embeddable":true,"href":"http:\/\/www.esquinautico.cl\/index.php?rest_route=\/wp\/v2\/users\/2"}],"replies":[{"embeddable":true,"href":"http:\/\/www.esquinautico.cl\/index.php?rest_route=%2Fwp%2Fv2%2Fcomments&post=1204"}],"version-history":[{"count":0,"href":"http:\/\/www.esquinautico.cl\/index.php?rest_route=\/wp\/v2\/posts\/1204\/revisions"}],"wp:attachment":[{"href":"http:\/\/www.esquinautico.cl\/index.php?rest_route=%2Fwp%2Fv2%2Fmedia&parent=1204"}],"wp:term":[{"taxonomy":"category","embeddable":true,"href":"http:\/\/www.esquinautico.cl\/index.php?rest_route=%2Fwp%2Fv2%2Fcategories&post=1204"},{"taxonomy":"post_tag","embeddable":true,"href":"http:\/\/www.esquinautico.cl\/index.php?rest_route=%2Fwp%2Fv2%2Ftags&post=1204"}],"curies":[{"name":"wp","href":"https:\/\/api.w.org\/{rel}","templated":true}]}}