{"id":1205,"date":"2011-05-20T13:09:52","date_gmt":"2011-05-20T13:09:52","guid":{"rendered":"http:\/\/www.esquinautico.cl\/nuevo\/?p=1205"},"modified":"2011-05-20T13:09:52","modified_gmt":"2011-05-20T13:09:52","slug":"tiare-%e2%80%9cla-idea-es-ganar-una-medalla-en-guadalajara%e2%80%9d","status":"publish","type":"post","link":"http:\/\/www.esquinautico.cl\/?p=1205","title":{"rendered":"TIARE: \u201cLA IDEA ES GANAR UNA MEDALLA EN GUADALAJARA\u201d"},"content":{"rendered":"<p style=\"margin: 0cm 0cm 0pt\" class=\"MsoNormal\"><strong><span style=\"font-family: Arial; font-size: 10pt\"><font color=\"#000000\">La seleccionada nacional coment\u00f3 que entrenar\u00e1 en Chile debido a sus estudios y que participar\u00e1 en el Mundial de Rusia prepar\u00e1ndose para los Panamericanos.<\/font><\/span><\/strong><\/p>\n<p style=\"margin: 0cm 0cm 0pt\" class=\"MsoNormal\">&nbsp;<\/p>\n<p style=\"margin: 0cm 0cm 0pt\" class=\"MsoNormal\">&nbsp;<\/p>\n<p style=\"margin: 0cm 0cm 0pt\" class=\"MsoNormal\"><span style=\"font-family: Arial; font-size: 10pt\"><font color=\"#000000\"><img loading=\"lazy\" src=\"images\/stories\/esquinautico\/dsc_1097.jpg\" border=\"0\" width=\"250\" height=\"317\" align=\"left\" \/>Tiare Miranda tendr\u00e1 una temporada de entrenamiento distinta durante este a\u00f1o, debido a que permanecer\u00e1 prepar\u00e1ndose en Chile durante el invierno debido a sus estudios, antes de ir un mes a Estados Unidos y participar en el Mundial de Rusia.<\/font><\/span><\/p>\n<p style=\"margin: 0cm 0cm 0pt\" class=\"MsoNormal\">&nbsp;<\/p>\n<p style=\"margin: 0cm 0cm 0pt\" class=\"MsoNormal\"><span style=\"font-family: Arial; font-size: 10pt\"><font color=\"#000000\">\u201cMe voy a quedar durante todo el invierno ac\u00e1. Me voy a ir por un mes, desde el 7 de julio me voy a ir a Estados Unidos para prepararme para el Mundial que es en Rusia el 15 de julio. Lo dem\u00e1s voy a entrenar ac\u00e1, con este fr\u00edo y harto gimnasio, mucha preparaci\u00f3n fuera del agua\u201d, coment\u00f3 Miranda.<\/font><\/span><\/p>\n<p>&nbsp;<\/p>\n<p style=\"margin: 0cm 0cm 0pt\" class=\"MsoNormal\">&nbsp;<\/p>\n<p style=\"margin: 0cm 0cm 0pt\" class=\"MsoNormal\"><span style=\"font-family: Arial; font-size: 10pt\"><font color=\"#000000\">\u201cVoy a ir m\u00e1s al gimnasio, preparar resistencia, para poder despu\u00e9s llegar a entrenar al calor y aplicar toda la fuerza y resistencia entrenando bien. Mis hermanos se encuentran prepar\u00e1ndose para el Mundial en Estados Unidos, yo no puedo porque estoy estudiando, as\u00ed que tengo que quedarme ac\u00e1 en el invierno y entrenar en el fr\u00edo\u201d, agreg\u00f3 la seleccionada.<\/font><\/span><\/p>\n<p style=\"margin: 0cm 0cm 0pt\" class=\"MsoNormal\">&nbsp;<\/p>\n<p style=\"margin: 0cm 0cm 0pt\" class=\"MsoNormal\"><span style=\"font-family: Arial; font-size: 10pt\"><font color=\"#000000\">La medallista Odesur coment\u00f3 que el Mundial de Rusia no es una competencia en donde va a buscar logros, sino que es un torneo que enfrentar\u00e1 como parte de la preparaci\u00f3n para los Juegos Panamericanos de Guadalajara.<\/font><\/span><\/p>\n<p style=\"margin: 0cm 0cm 0pt\" class=\"MsoNormal\">&nbsp;<\/p>\n<p style=\"margin: 0cm 0cm 0pt\" class=\"MsoNormal\"><span style=\"font-family: Arial; font-size: 10pt\"><font color=\"#000000\">\u201cEl Mundial no es el torneo en el que voy a buscar logros, no es mi meta todav\u00eda, mi objetivo son los Juegos Panamericanos. El de Rusia va a ser un torneo para prepararme para Guadalajara\u201d, dijo la campeona Sudamericana. <\/font><\/span><\/p>\n<p style=\"margin: 0cm 0cm 0pt\" class=\"MsoNormal\">&nbsp;<\/p>\n<p style=\"margin: 0cm 0cm 0pt\" class=\"MsoNormal\"><span style=\"font-family: Arial; font-size: 10pt\"><font color=\"#000000\">Tiare Miranda tiene como objetivo para esta temporada conquistar una medalla en Guadalajara 2011 y mejorar el cuarto lugar que obtuvo en salto durante los Panamericanos de R\u00edo de Janeiro 2007.<\/font><\/span><\/p>\n<p style=\"margin: 0cm 0cm 0pt\" class=\"MsoNormal\">&nbsp;<\/p>\n<p><span style=\"font-family: Arial; font-size: 10pt\"><font color=\"#000000\">\u201cLa idea es ganar alguna medalla en Guadalajara, una medalla de bronce es posible, las otras ya son un poco m\u00e1s dif\u00edciles, pero hay que competir con todo. En salto me siento m\u00e1s c\u00f3moda para esta temporada y creo que dar\u00e9 la batalla en el overall, me fue s\u00faper bien en algunos nacionales y espero repetir eso en los Juegos\u201d, concluy\u00f3.<\/font><\/span><\/p>\n","protected":false},"excerpt":{"rendered":"<p>La seleccionada nacional coment\u00f3 que entrenar\u00e1 en Chile debido a sus estudios y que participar\u00e1 en el Mundial de Rusia<\/p>\n","protected":false},"author":2,"featured_media":0,"comment_status":"closed","ping_status":"open","sticky":false,"template":"","format":"standard","meta":[],"categories":[1],"tags":[],"_links":{"self":[{"href":"http:\/\/www.esquinautico.cl\/index.php?rest_route=\/wp\/v2\/posts\/1205"}],"collection":[{"href":"http:\/\/www.esquinautico.cl\/index.php?rest_route=\/wp\/v2\/posts"}],"about":[{"href":"http:\/\/www.esquinautico.cl\/index.php?rest_route=\/wp\/v2\/types\/post"}],"author":[{"embeddable":true,"href":"http:\/\/www.esquinautico.cl\/index.php?rest_route=\/wp\/v2\/users\/2"}],"replies":[{"embeddable":true,"href":"http:\/\/www.esquinautico.cl\/index.php?rest_route=%2Fwp%2Fv2%2Fcomments&post=1205"}],"version-history":[{"count":0,"href":"http:\/\/www.esquinautico.cl\/index.php?rest_route=\/wp\/v2\/posts\/1205\/revisions"}],"wp:attachment":[{"href":"http:\/\/www.esquinautico.cl\/index.php?rest_route=%2Fwp%2Fv2%2Fmedia&parent=1205"}],"wp:term":[{"taxonomy":"category","embeddable":true,"href":"http:\/\/www.esquinautico.cl\/index.php?rest_route=%2Fwp%2Fv2%2Fcategories&post=1205"},{"taxonomy":"post_tag","embeddable":true,"href":"http:\/\/www.esquinautico.cl\/index.php?rest_route=%2Fwp%2Fv2%2Ftags&post=1205"}],"curies":[{"name":"wp","href":"https:\/\/api.w.org\/{rel}","templated":true}]}}