{"id":1207,"date":"2011-05-25T23:01:27","date_gmt":"2011-05-25T23:01:27","guid":{"rendered":"http:\/\/www.esquinautico.cl\/nuevo\/?p=1207"},"modified":"2011-05-25T23:01:27","modified_gmt":"2011-05-25T23:01:27","slug":"esqui-nautico-participo-en-los-inicios-del-ministerio-de-deportes","status":"publish","type":"post","link":"http:\/\/www.esquinautico.cl\/?p=1207","title":{"rendered":"ESQU\u00cd N\u00c1UTICO PARTICIP\u00d3 EN LOS INICIOS DEL MINISTERIO DE DEPORTES"},"content":{"rendered":"<p><span style=\"font-family: Arial; font-size: 10pt\"><font color=\"#000000\"><\/p>\n<p style=\"margin: 0cm 0cm 0pt\" class=\"MsoNormal\"><strong><span style=\"font-family: Arial; font-size: 10pt\"><font color=\"#000000\">Tiare Miranda represent\u00f3 al deporte y estuvo en un desayuno con la Ministra Ena von Baer, Ruiz-Tagle y varios deportistas.<\/font><\/span><\/strong><\/p>\n<p style=\"margin: 0cm 0cm 0pt\" class=\"MsoNormal\"><strong><span style=\"font-family: Arial; font-size: 10pt\">\u00a0\u00a0\u00a0\u00a0\u00a0\u00a0\u00a0\u00a0\u00a0\u00a0\u00a0\u00a0\u00a0\u00a0\u00a0\u00a0\u00a0\u00a0\u00a0\u00a0\u00a0\u00a0\u00a0\u00a0\u00a0 <\/span><\/strong><\/p>\n<p style=\"margin: 0cm 0cm 0pt\" class=\"MsoNormal\"><span style=\"font-family: Arial; font-size: 10pt\"><font color=\"#000000\"><img loading=\"lazy\" src=\"images\/stories\/esquinautico\/desayunoministerio250.jpg\" border=\"0\" width=\"250\" height=\"299\" align=\"left\" \/>Tiare Miranda fue la representante del esqu\u00ed n\u00e1utico durante el desayuno en donde la Ministra Secretaria General de Gobierno Ena von Baer y el Subsecretario de Deportes Gabiel Ruiz-Tagle compartieron con varios deportistas la noticia de la creaci\u00f3n del Ministerio de Deportes. <\/font><\/span><\/p>\n<p><\/font><\/span><\/p>\n<p style=\"margin: 0cm 0cm 0pt\" class=\"MsoNormal\">&nbsp;<\/p>\n<p><span style=\"font-family: Arial; font-size: 10pt\"><font color=\"#000000\">En la reuni\u00f3n, que se efectu\u00f3 en el Restaurante \u201cCamino Real\u201d del Cerro San Crist\u00f3bal, se present\u00f3 el proyecto que lidera el Presidente Sebasti\u00e1n Pi\u00f1era y se comunic\u00f3 la millonaria inversi\u00f3n que realizar\u00e1 el Instituto Nacional de Deportes y se pidi\u00f3 la opini\u00f3n a los representantes de las distintas disciplinas de nuestro pa\u00eds, entre ellas el esqu\u00ed n\u00e1utico.<\/font><\/span><span style=\"font-family: Arial; font-size: 10pt\"><font color=\"#000000\"> <\/font><\/span>\u00a0<span style=\"font-family: Arial; font-size: 10pt\"><font color=\"#000000\">\u00a0<\/font><\/span> <\/p>\n<p style=\"margin: 0cm 0cm 0pt\" class=\"MsoNormal\"><span style=\"font-family: Arial; font-size: 10pt\"><font color=\"#000000\">\u201cLa Ministra nos explic\u00f3 que el deporte ahora va a tener un Ministerio y que con eso vamos a tener m\u00e1s posibilidades de llegar de forma directa al Gobierno, porque antes ten\u00edamos que pasar por Subsecretar\u00edas. As\u00ed que es una buena opci\u00f3n para nosotros\u201d, coment\u00f3 Miranda.<\/font><\/span><\/p>\n<p style=\"margin: 0cm 0cm 0pt\" class=\"MsoNormal\">&nbsp;<\/p>\n<p style=\"margin: 0cm 0cm 0pt\" class=\"MsoNormal\"><span style=\"font-family: Arial; font-size: 10pt\"><font color=\"#000000\">\u201cLa Ministra tambi\u00e9n quer\u00eda saber la opini\u00f3n de nosotros y qu\u00e9 problemas hemos tenido para poder resolverlos y tener una organizaci\u00f3n entre los deportistas y as\u00ed poder responder a las dificultades de forma m\u00e1s f\u00e1cil y r\u00e1pida\u201d, a\u00f1adi\u00f3 la seleccionada nacional.<\/font><\/span><\/p>\n<p style=\"margin: 0cm 0cm 0pt\" class=\"MsoNormal\">&nbsp;<\/p>\n<p style=\"margin: 0cm 0cm 0pt\" class=\"MsoNormal\"><span style=\"font-family: Arial; font-size: 10pt\"><font color=\"#000000\">La campeona sudamericana sostuvo que el Ministerio de Deportes ayudar\u00e1 al esqu\u00ed n\u00e1utico y cree que ser\u00e1 la gran oportunidad de crear una cultura que permita compatibilizar el deporte con los estudios. <\/font><\/span><\/p>\n<p style=\"margin: 0cm 0cm 0pt\" class=\"MsoNormal\">&nbsp;<\/p>\n<p style=\"margin: 0cm 0cm 0pt\" class=\"MsoNormal\"><span style=\"font-family: Arial; font-size: 10pt\"><font color=\"#000000\">\u201cCreo que de todas maneras ser\u00e1 un aporte para el esqu\u00ed n\u00e1utico. Aunque siento que m\u00e1s que al deporte, el apoyo se realizar\u00e1 a los mismos deportistas. Nosotros en particular somos un deporte que se pr\u00e1ctica en la temporada de verano, porque en el invierno es muy complicado entrenar, m\u00e1s si se oscurece a las cinco de la tarde. Por ejemplo los ni\u00f1os salen del colegio y solamente tienen una hora para practicar\u201d, dijo la doble medallista de oro de los Odesur.<\/font><\/span><\/p>\n<p style=\"margin: 0cm 0cm 0pt\" class=\"MsoNormal\">&nbsp;<\/p>\n<p style=\"margin: 0cm 0cm 0pt\" class=\"MsoNormal\"><span style=\"font-family: Arial; font-size: 10pt\"><font color=\"#000000\">Esperamos que se cree una cultura deportiva en donde entreguen m\u00e1s oportunidades a los deportistas, por ejemplo que los colegios den facilidades para entrenar y viajar a las competencias. Sin que nos impongan elegir entre ser deportistas y estudiantes, es por eso que creo que es un buen paso para crear una cultura deportiva en Chile\u201d, concluy\u00f3.<\/font><\/span><\/p>\n<p style=\"margin: 0cm 0cm 0pt\" class=\"MsoNormal\">&nbsp;<\/p>\n<p style=\"margin: 0cm 0cm 0pt\" class=\"MsoNormal\"><strong><span style=\"font-family: Arial; font-size: 10pt\"><font color=\"#000000\">Voces de las autoridades<\/font><\/span><\/strong><\/p>\n<p style=\"margin: 0cm 0cm 0pt\" class=\"MsoNormal\"><strong><span style=\"font-family: Arial; font-size: 10pt\">\u00a0\u00a0\u00a0\u00a0\u00a0\u00a0\u00a0\u00a0\u00a0\u00a0\u00a0\u00a0\u00a0\u00a0\u00a0\u00a0\u00a0\u00a0\u00a0 <\/span><\/strong><\/p>\n<p style=\"margin: 0cm 0cm 0pt\" class=\"MsoNormal\"><span style=\"font-family: Arial; font-size: 10pt\"><font color=\"#000000\">La vocera de Gobierno se refiri\u00f3 a la reuni\u00f3n se\u00f1alando que fue muy importante porque permiti\u00f3 recopilar informaci\u00f3n importante sobre las necesidades de los atletas y coment\u00f3 que el nuevo ministerio puede ayudar a generar una cultura deportiva.<\/font><\/span><\/p>\n<p style=\"margin: 0cm 0cm 0pt\" class=\"MsoNormal\">&nbsp;<\/p>\n<p style=\"margin: 0cm 0cm 0pt\" class=\"MsoNormal\"><span style=\"font-family: Arial; font-size: 10pt\"><font color=\"#000000\">\u201cEstamos contentos de compartir esta gran noticia con los deportistas. Recopilamos muchas ideas para conocer las necesidades que tienen, con el fin de desarrollar una cultura deportiva en el pa\u00eds\u201d, dijo Von Baer.<\/font><\/span><\/p>\n<p style=\"margin: 0cm 0cm 0pt\" class=\"MsoNormal\">&nbsp;<\/p>\n<p style=\"margin: 0cm 0cm 0pt\" class=\"MsoNormal\"><span style=\"font-family: Arial; font-size: 10pt\"><font color=\"#000000\">En tanto, el subsecretario del IND asegur\u00f3 que \u201cesto nos permite elaborar una pol\u00edtica a largo plazo, que permitir\u00e1 mejorar el desarrollo del deporte. El proyecto del Ministerio, con el apoyo del mundo del deporte, nos va a proveer de una herramienta de largo plazo para que el deporte en Chile realmente tenga importancia\u201d.<\/font><\/span><\/p>\n<p style=\"margin: 0cm 0cm 0pt\" class=\"MsoNormal\">&nbsp;<\/p>\n<p style=\"margin: 0cm 0cm 0pt\" class=\"MsoNormal\"><span style=\"font-family: Arial; font-size: 10pt\"><font color=\"#000000\">Por otra parte, el Presidente del Comit\u00e9 Ol\u00edmpico de Chile Neven Ilic manifest\u00f3 que la creaci\u00f3n del Ministerio le permitir\u00e1 al deporte tener m\u00e1s independencia en sus decisiones y que espera que con esto se comience a realizar un cambio en la cultura nacional respecto a los deportistas.<\/font><\/span><\/p>\n<p style=\"margin: 0cm 0cm 0pt\" class=\"MsoNormal\">&nbsp;<\/p>\n<p style=\"margin: 0cm 0cm 0pt\" class=\"MsoNormal\"><span style=\"font-family: Arial; font-size: 10pt\"><font color=\"#000000\">\u201cLa idea detr\u00e1s de la creaci\u00f3n del Ministerio es darle m\u00e1s decisiones al deporte, lo que esperamos es que sea una suma de beneficios. Ahora hay que sentarse a dise\u00f1ar y escuchar a los deportistas sobre las falencias y las cosas que faltan. Creo que se hace mucho esfuerzo, pero queda mucho por hacer y quiz\u00e1s con el Ministerio se pueden crear fuerzas para resolver estos problemas\u201d, dijo Ilic.<\/font><\/span><\/p>\n<p style=\"margin: 0cm 0cm 0pt\" class=\"MsoNormal\">&nbsp;<\/p>\n<p><span style=\"font-family: Arial; font-size: 10pt\"><font color=\"#000000\">\u201cLo que tiene que hacer el Ministerio es crear una estructura deportiva que funcione por si sola. Creo que la cultura deportiva no se cambia s\u00f3lo con la creaci\u00f3n de un Ministerio, es algo muy profundo, para cambiar la cultura de un pa\u00eds se necesita un compromiso nacional mucho m\u00e1s grande\u201d, agreg\u00f3.<\/font><\/span><\/p>\n","protected":false},"excerpt":{"rendered":"<p>Tiare Miranda represent\u00f3 al deporte y estuvo en un desayuno con la Ministra Ena von Baer, Ruiz-Tagle y varios deportistas.<\/p>\n","protected":false},"author":2,"featured_media":0,"comment_status":"closed","ping_status":"open","sticky":false,"template":"","format":"standard","meta":[],"categories":[1],"tags":[],"_links":{"self":[{"href":"http:\/\/www.esquinautico.cl\/index.php?rest_route=\/wp\/v2\/posts\/1207"}],"collection":[{"href":"http:\/\/www.esquinautico.cl\/index.php?rest_route=\/wp\/v2\/posts"}],"about":[{"href":"http:\/\/www.esquinautico.cl\/index.php?rest_route=\/wp\/v2\/types\/post"}],"author":[{"embeddable":true,"href":"http:\/\/www.esquinautico.cl\/index.php?rest_route=\/wp\/v2\/users\/2"}],"replies":[{"embeddable":true,"href":"http:\/\/www.esquinautico.cl\/index.php?rest_route=%2Fwp%2Fv2%2Fcomments&post=1207"}],"version-history":[{"count":0,"href":"http:\/\/www.esquinautico.cl\/index.php?rest_route=\/wp\/v2\/posts\/1207\/revisions"}],"wp:attachment":[{"href":"http:\/\/www.esquinautico.cl\/index.php?rest_route=%2Fwp%2Fv2%2Fmedia&parent=1207"}],"wp:term":[{"taxonomy":"category","embeddable":true,"href":"http:\/\/www.esquinautico.cl\/index.php?rest_route=%2Fwp%2Fv2%2Fcategories&post=1207"},{"taxonomy":"post_tag","embeddable":true,"href":"http:\/\/www.esquinautico.cl\/index.php?rest_route=%2Fwp%2Fv2%2Ftags&post=1207"}],"curies":[{"name":"wp","href":"https:\/\/api.w.org\/{rel}","templated":true}]}}