{"id":1214,"date":"2011-06-18T18:14:58","date_gmt":"2011-06-18T18:14:58","guid":{"rendered":"http:\/\/www.esquinautico.cl\/nuevo\/?p=1214"},"modified":"2011-06-18T18:14:58","modified_gmt":"2011-06-18T18:14:58","slug":"chile-se-hace-grande-en-florida","status":"publish","type":"post","link":"http:\/\/www.esquinautico.cl\/?p=1214","title":{"rendered":"CHILE SE HACE GRANDE EN FLORIDA"},"content":{"rendered":"<p><!--[if gte mso 9]><xml>  <w:WordDocument>   <w:View>Normal<\/w:View>   <w:Zoom>0<\/w:Zoom>   <w:HyphenationZone>21<\/w:HyphenationZone>   <w:PunctuationKerning\/>   <w:ValidateAgainstSchemas\/>   <w:SaveIfXMLInvalid>false<\/w:SaveIfXMLInvalid>   <w:IgnoreMixedContent>false<\/w:IgnoreMixedContent>   <w:AlwaysShowPlaceholderText>false<\/w:AlwaysShowPlaceholderText>   <w:Compatibility>    <w:BreakWrappedTables\/>    <w:SnapToGridInCell\/>    <w:WrapTextWithPunct\/>    <w:UseAsianBreakRules\/>    <w:DontGrowAutofit\/>   <\/w:Compatibility>   <w:BrowserLevel>MicrosoftInternetExplorer4<\/w:BrowserLevel>  <\/w:WordDocument> <\/xml><![endif]--><!--[if gte mso 9]><xml>  <w:LatentStyles DefLockedState=\"false\" LatentStyleCount=\"156\">  <\/w:LatentStyles> <\/xml><![endif]--><!--[if !mso]><object  classid=\"clsid:38481807-CA0E-42D2-BF39-B33AF135CC4D\" id=ieooui><\/object> \n\n<style> st1:*{behavior:url(#ieooui) } <\/style>\n\n <![endif]--><!--[if gte mso 10]> \n\n<style>  \/* Style Definitions *\/  table.MsoNormalTable \t{mso-style-name:\"Tabla normal\"; \tmso-tstyle-rowband-size:0; \tmso-tstyle-colband-size:0; \tmso-style-noshow:yes; \tmso-style-parent:\"\"; \tmso-padding-alt:0cm 5.4pt 0cm 5.4pt; \tmso-para-margin:0cm; \tmso-para-margin-bottom:.0001pt; \tmso-pagination:widow-orphan; \tfont-size:10.0pt; \tfont-family:\"Times New Roman\"; \tmso-ansi-language:#0400; \tmso-fareast-language:#0400; \tmso-bidi-language:#0400;} <\/style>\n\n <![endif]-->  <\/p>\n<p style=\"margin: 0cm 0cm 0.0001pt\"><font color=\"#000000\"><strong><span style=\"font-size: 10pt; font-family: Arial\">Federaci\u00f3n de Esqu\u00ed N\u00e1utico anunci\u00f3 apoyo para aumentar el n\u00famero de esquiadores chilenos entrenando y compitiendo en Estados Unidos<\/span><\/strong><\/font><\/p>\n<p style=\"margin: 0cm 0cm 0.0001pt\"><font color=\"#000000\"><span style=\"font-size: 10pt; font-family: Arial\">\u00a0<\/span><\/font><\/p>\n<p style=\"margin: 0cm 0cm 0.0001pt\"><img loading=\"lazy\" src=\"images\/stories\/esquinautico\/dsc_0521.jpg\" border=\"0\" width=\"250\" height=\"245\" align=\"left\" \/><font color=\"#000000\"><span style=\"font-size: 10pt; font-family: Arial\">Con la idea de ir consolidando a los nuevos talentos, la Federaci\u00f3n de Esqu\u00ed N\u00e1utico de Chile ide\u00f3 un programa para apoyar el trabajo en el extranjero de los seleccionados nacionales.<\/span><\/font><\/p>\n<p style=\"margin: 0cm 0cm 0.0001pt\"><font color=\"#000000\"><span style=\"font-size: 10pt; font-family: Arial\">\u00a0<\/span><\/font><\/p>\n<p style=\"margin: 0cm 0cm 0.0001pt\"><font color=\"#000000\"><span style=\"font-size: 10pt; font-family: Arial\">Muchas veces el alto costo que implica el traslado a Estados Unidos para entrenar y competir en invierno fren\u00f3 el desarrollo de algunos atletas, lo que a partir de ahora la federaci\u00f3n est\u00e1 empe\u00f1ada en revertir.<\/span><\/font><\/p>\n<p style=\"margin: 0cm 0cm 0.0001pt\"><font color=\"#000000\"><span style=\"font-size: 10pt; font-family: Arial\">\u00a0<\/span><\/font><\/p>\n<p style=\"margin: 0cm 0cm 0.0001pt\"><font color=\"#000000\"><span style=\"font-size: 10pt; font-family: Arial\">\u201cLa idea es apoyar a aquellos atletas que den muestras claras que quieren seguir progresando. Vamos a apoyar asumiendo como federaci\u00f3n una parte de los gastos de los que implica estar durante algunos d\u00edas en Estados Unidos\u201d dijo Waldo Miranda, presidente de la Federaci\u00f3n de Esqu\u00ed N\u00e1utico.<\/span><\/font><\/p>\n<p style=\"margin: 0cm 0cm 0.0001pt\"><font color=\"#000000\"><span style=\"font-size: 10pt; font-family: Arial\">\u00a0<\/span><\/font><\/p>\n<p style=\"margin: 0cm 0cm 0.0001pt\"><font color=\"#000000\"><span style=\"font-size: 10pt; font-family: Arial\">Habitualmente el n\u00famero de esquiadores chilenos en Estados Unidos es reducido, lo que se espera ahora cambie gracias a esta iniciativa de la federaci\u00f3n. \u201cHemos conversado con algunas familias y han mostrado inter\u00e9s en asumir el desaf\u00edo\u201d dijo la m\u00e1xima autoridad del deporte de la lancha.<\/span><\/font><\/p>\n<p style=\"margin: 0cm 0cm 0.0001pt\"><font color=\"#000000\"><span style=\"font-size: 10pt; font-family: Arial\">\u00a0<\/span><\/font><\/p>\n<p style=\"margin: 0cm 0cm 0.0001pt\"><font color=\"#000000\"><span style=\"font-size: 10pt; font-family: Arial\">Por ahora, en Florida trabajan en sus desaf\u00edos internacionales solamente los hermanos Felipe y Rodrigo Miranda. Dicho n\u00famero de esquiadores podr\u00eda cambiar dr\u00e1sticamente en este mes ya que pronto se sumar\u00e1 la familia Naser y en los pr\u00f3ximos d\u00edas lo har\u00e1n los hermanos Francisco y Pablo Castro y Valentina y Diego Gonz\u00e1lez, entre otros.<\/span><\/font><\/p>\n","protected":false},"excerpt":{"rendered":"<p>Federaci\u00f3n de Esqu\u00ed N\u00e1utico anunci\u00f3 apoyo para aumentar el n\u00famero de esquiadores chilenos entrenando y compitiendo en Estados Unidos \u00a0<\/p>\n","protected":false},"author":2,"featured_media":0,"comment_status":"closed","ping_status":"open","sticky":false,"template":"","format":"standard","meta":[],"categories":[1],"tags":[],"_links":{"self":[{"href":"http:\/\/www.esquinautico.cl\/index.php?rest_route=\/wp\/v2\/posts\/1214"}],"collection":[{"href":"http:\/\/www.esquinautico.cl\/index.php?rest_route=\/wp\/v2\/posts"}],"about":[{"href":"http:\/\/www.esquinautico.cl\/index.php?rest_route=\/wp\/v2\/types\/post"}],"author":[{"embeddable":true,"href":"http:\/\/www.esquinautico.cl\/index.php?rest_route=\/wp\/v2\/users\/2"}],"replies":[{"embeddable":true,"href":"http:\/\/www.esquinautico.cl\/index.php?rest_route=%2Fwp%2Fv2%2Fcomments&post=1214"}],"version-history":[{"count":0,"href":"http:\/\/www.esquinautico.cl\/index.php?rest_route=\/wp\/v2\/posts\/1214\/revisions"}],"wp:attachment":[{"href":"http:\/\/www.esquinautico.cl\/index.php?rest_route=%2Fwp%2Fv2%2Fmedia&parent=1214"}],"wp:term":[{"taxonomy":"category","embeddable":true,"href":"http:\/\/www.esquinautico.cl\/index.php?rest_route=%2Fwp%2Fv2%2Fcategories&post=1214"},{"taxonomy":"post_tag","embeddable":true,"href":"http:\/\/www.esquinautico.cl\/index.php?rest_route=%2Fwp%2Fv2%2Ftags&post=1214"}],"curies":[{"name":"wp","href":"https:\/\/api.w.org\/{rel}","templated":true}]}}