{"id":1215,"date":"2011-06-21T20:28:36","date_gmt":"2011-06-21T20:28:36","guid":{"rendered":"http:\/\/www.esquinautico.cl\/nuevo\/?p=1215"},"modified":"2011-06-21T20:28:36","modified_gmt":"2011-06-21T20:28:36","slug":"el-deporte-sera-beneficiado-por-programa-chilentrena","status":"publish","type":"post","link":"http:\/\/www.esquinautico.cl\/?p=1215","title":{"rendered":"EL DEPORTE SER\u00c1 BENEFICIADO POR PROGRAMA CHILENTRENA"},"content":{"rendered":"<p style=\"margin: 0cm 0cm 0pt\" class=\"MsoNormal\"><strong><span style=\"font-family: 'Arial','sans-serif'; font-size: 10pt\"><font color=\"#000000\">El Presidente Sebasti\u00e1n Pi\u00f1era anunci\u00f3 que se realizar\u00e1n nuevos programas dedicados a los deportistas de alto rendimiento.<\/font><\/span><\/strong><\/p>\n<p style=\"margin: 0cm 0cm 0pt\" class=\"MsoNormal\"><strong><span style=\"font-family: 'Arial','sans-serif'; font-size: 10pt\"><font color=\"#000000\">\u00a0\u00a0\u00a0\u00a0\u00a0\u00a0\u00a0\u00a0\u00a0\u00a0\u00a0\u00a0\u00a0\u00a0\u00a0\u00a0\u00a0\u00a0\u00a0\u00a0\u00a0\u00a0\u00a0\u00a0\u00a0\u00a0\u00a0\u00a0\u00a0\u00a0\u00a0\u00a0\u00a0\u00a0\u00a0\u00a0\u00a0\u00a0\u00a0\u00a0\u00a0\u00a0\u00a0\u00a0\u00a0\u00a0\u00a0\u00a0\u00a0\u00a0\u00a0\u00a0\u00a0\u00a0 <\/font><\/span><\/strong><\/p>\n<p style=\"margin: 0cm 0cm 0pt\" class=\"MsoNormal\"><span style=\"font-family: 'Arial','sans-serif'; font-size: 10pt\"><font color=\"#000000\"><img loading=\"lazy\" src=\"images\/stories\/esquinautico\/piera.jpg\" border=\"0\" width=\"250\" height=\"303\" align=\"left\" \/>El Presidente de la Rep\u00fablica Sebasti\u00e1n Pi\u00f1era anunci\u00f3 este martes en el Palacio de la Moneda el programa del Instituto Nacional de Deportes \u201cChilentrena\u201d, el cual consiste en la creaci\u00f3n de una Red de Polideportivos que beneficiar\u00e1n al deporte en todo el pa\u00eds.<\/font><\/span><\/p>\n<p style=\"margin: 0cm 0cm 0pt\" class=\"MsoNormal\">&nbsp;<\/p>\n<p style=\"margin: 0cm 0cm 0pt\" class=\"MsoNormal\"><span style=\"font-family: 'Arial','sans-serif'; font-size: 10pt\"><font color=\"#000000\">\u201cTenemos muchos deportistas y queremos ampliar esa marca. Queremos convertir a Chile en pa\u00eds de deportistas\u00bb, se\u00f1al\u00f3 en su discurso Sebasti\u00e1n Pi\u00f1era, quien adem\u00e1s se refiri\u00f3 a que gracias a este proyecto tanto las familias como los deportistas de alto rendimiento tendr\u00e1n la oportunidad de entrenar las diversas disciplinas a lo largo de todo el pa\u00eds. <\/font><\/span><\/p>\n<p style=\"margin: 0cm 0cm 0pt\" class=\"MsoNormal\">&nbsp;<\/p>\n<p style=\"margin: 0cm 0cm 0pt\" class=\"MsoNormal\"><span style=\"font-family: 'Arial','sans-serif'; font-size: 10pt\"><font color=\"#000000\">La\u00a0Red \u201cChilentrena\u201d contempla la creaci\u00f3n de 30 polideportivos que ser\u00e1n localizados en coordinaci\u00f3n con los Municipios o Gobiernos Regionales. El Gobierno invertir\u00e1 1.800 millones de pesos por cada polideportivo, mientras que en el programa alcanzar\u00e1 un valor total de 100 millones de d\u00f3lares. <\/font><\/span><\/p>\n<p style=\"margin: 0cm 0cm 0pt\" class=\"MsoNormal\">&nbsp;<\/p>\n<p style=\"margin: 0cm 0cm 0pt\" class=\"MsoNormal\"><span style=\"font-family: 'Arial','sans-serif'; font-size: 10pt\"><font color=\"#000000\">\u00abEs el esfuerzo m\u00e1s grande en cuanto a infraestructura deportiva en la historia de Chile. El \u2018Chilentrena\u2019 permitir\u00e1 acceder a recintos de calidad a gran cantidad de personas. Estamos muy contentos con la iniciativa. Ser\u00e1n recintos que se entregar\u00e1n totalmente equipados y todos de clase mundial. No estamos trabajando s\u00f3lo en infraestructura. Tambi\u00e9n existen nuevos programas para deportistas\u00bb, sostuvo Ruiz-Tagle.<\/font><\/span><\/p>\n<p style=\"margin: 0cm 0cm 0pt\" class=\"MsoNormal\">&nbsp;<\/p>\n<p style=\"margin: 0cm 0cm 0pt\" class=\"MsoNormal\"><span style=\"font-family: 'Arial','sans-serif'; font-size: 10pt\"><font color=\"#000000\">\u201cSiempre tener infraestructura deportiva y sobre todo en regiones es un tremendo aporte, pero me parece tambi\u00e9n que el desaf\u00edo es generar a trav\u00e9s de esto actividad deportiva, bien estructurada y organizada. <span>\u00a0<\/span>Hay que buscar que los ni\u00f1os vuelvan al deporte, que se creen buenas escuelas y se detecten nuevos talentos\u201d, se\u00f1al\u00f3 Neven Ilic sobre la iniciativa.<\/font><\/span><\/p>\n<p style=\"margin: 0cm 0cm 0pt\" class=\"MsoNormal\">&nbsp;<\/p>\n<p style=\"margin: 0cm 0cm 0pt\" class=\"MsoNormal\"><span style=\"font-family: 'Arial','sans-serif'; font-size: 10pt\"><font color=\"#000000\">El desarrollo del plan se realizar\u00e1 durante los pr\u00f3ximos tres a\u00f1os y cabe destacar que cada polideportivo contar\u00e1 con una multicancha con grader\u00edas (para distintas disciplinas), sala de musculaci\u00f3n y multiuso, camarines, ba\u00f1os p\u00fablicos, bodega y una zona administrativa (hall de acceso y control). Adem\u00e1s, en algunas regiones, tambi\u00e9n se instalar\u00e1 una piscina.\u00a0<span>\u00a0<\/span><\/font><\/span><\/p>\n","protected":false},"excerpt":{"rendered":"<p>El Presidente Sebasti\u00e1n Pi\u00f1era anunci\u00f3 que se realizar\u00e1n nuevos programas dedicados a los deportistas de alto rendimiento. \u00a0\u00a0\u00a0\u00a0\u00a0\u00a0\u00a0\u00a0\u00a0\u00a0\u00a0\u00a0\u00a0\u00a0\u00a0\u00a0\u00a0\u00a0\u00a0\u00a0\u00a0\u00a0\u00a0\u00a0\u00a0\u00a0\u00a0\u00a0\u00a0\u00a0\u00a0\u00a0\u00a0\u00a0\u00a0\u00a0\u00a0\u00a0\u00a0\u00a0\u00a0\u00a0\u00a0\u00a0\u00a0\u00a0\u00a0\u00a0\u00a0\u00a0\u00a0\u00a0\u00a0\u00a0 El Presidente<\/p>\n","protected":false},"author":2,"featured_media":0,"comment_status":"closed","ping_status":"open","sticky":false,"template":"","format":"standard","meta":[],"categories":[1],"tags":[],"_links":{"self":[{"href":"http:\/\/www.esquinautico.cl\/index.php?rest_route=\/wp\/v2\/posts\/1215"}],"collection":[{"href":"http:\/\/www.esquinautico.cl\/index.php?rest_route=\/wp\/v2\/posts"}],"about":[{"href":"http:\/\/www.esquinautico.cl\/index.php?rest_route=\/wp\/v2\/types\/post"}],"author":[{"embeddable":true,"href":"http:\/\/www.esquinautico.cl\/index.php?rest_route=\/wp\/v2\/users\/2"}],"replies":[{"embeddable":true,"href":"http:\/\/www.esquinautico.cl\/index.php?rest_route=%2Fwp%2Fv2%2Fcomments&post=1215"}],"version-history":[{"count":0,"href":"http:\/\/www.esquinautico.cl\/index.php?rest_route=\/wp\/v2\/posts\/1215\/revisions"}],"wp:attachment":[{"href":"http:\/\/www.esquinautico.cl\/index.php?rest_route=%2Fwp%2Fv2%2Fmedia&parent=1215"}],"wp:term":[{"taxonomy":"category","embeddable":true,"href":"http:\/\/www.esquinautico.cl\/index.php?rest_route=%2Fwp%2Fv2%2Fcategories&post=1215"},{"taxonomy":"post_tag","embeddable":true,"href":"http:\/\/www.esquinautico.cl\/index.php?rest_route=%2Fwp%2Fv2%2Ftags&post=1215"}],"curies":[{"name":"wp","href":"https:\/\/api.w.org\/{rel}","templated":true}]}}