{"id":1217,"date":"2011-06-27T01:22:34","date_gmt":"2011-06-27T01:22:34","guid":{"rendered":"http:\/\/www.esquinautico.cl\/nuevo\/?p=1217"},"modified":"2011-06-27T01:22:34","modified_gmt":"2011-06-27T01:22:34","slug":"pipe-vuelve-a-volar-en-michigan","status":"publish","type":"post","link":"http:\/\/www.esquinautico.cl\/?p=1217","title":{"rendered":"PIPE VUELVE A VOLAR EN MICHIGAN"},"content":{"rendered":"<p><!--[if gte mso 9]><xml>  <w:WordDocument>   <w:View>Normal<\/w:View>   <w:Zoom>0<\/w:Zoom>   <w:HyphenationZone>21<\/w:HyphenationZone>   <w:PunctuationKerning\/>   <w:ValidateAgainstSchemas\/>   <w:SaveIfXMLInvalid>false<\/w:SaveIfXMLInvalid>   <w:IgnoreMixedContent>false<\/w:IgnoreMixedContent>   <w:AlwaysShowPlaceholderText>false<\/w:AlwaysShowPlaceholderText>   <w:Compatibility>    <w:BreakWrappedTables\/>    <w:SnapToGridInCell\/>    <w:WrapTextWithPunct\/>    <w:UseAsianBreakRules\/>    <w:DontGrowAutofit\/>   <\/w:Compatibility>   <w:BrowserLevel>MicrosoftInternetExplorer4<\/w:BrowserLevel>  <\/w:WordDocument> <\/xml><![endif]--><!--[if gte mso 9]><xml>  <w:LatentStyles DefLockedState=\"false\" LatentStyleCount=\"156\">  <\/w:LatentStyles> <\/xml><![endif]--><!--[if !mso]>\n\n<div   classid=\"clsid:38481807-CA0E-42D2-BF39-B33AF135CC4D\" id=ieooui><\/div>\n\n \n\n<style> st1:*{behavior:url(#ieooui) } <\/style>\n\n <![endif]--><!--[if gte mso 10]> \n\n<style>  \/* Style Definitions *\/  table.MsoNormalTable \t{mso-style-name:\"Tabla normal\"; \tmso-tstyle-rowband-size:0; \tmso-tstyle-colband-size:0; \tmso-style-noshow:yes; \tmso-style-parent:\"\"; \tmso-padding-alt:0cm 5.4pt 0cm 5.4pt; \tmso-para-margin:0cm; \tmso-para-margin-bottom:.0001pt; \tmso-pagination:widow-orphan; \tfont-size:10.0pt; \tfont-family:\"Times New Roman\"; \tmso-ansi-language:#0400; \tmso-fareast-language:#0400; \tmso-bidi-language:#0400;} <\/style>\n\n <![endif]-->  <\/p>\n<p class=\"MsoNormal\"><strong><font color=\"#000000\"><span style=\"font-size: 10pt; font-family: Arial\">Campe\u00f3n nacional fue a buscar m\u00e1s metros al King of Dankness y se trajo m\u00e1s que eso: su mejor marca en dos a\u00f1os y m\u00e1s fe de cara al Mundial y los Panamericanos<\/span><\/font><\/strong><\/p>\n<p class=\"MsoNormal\"><font color=\"#000000\"><span style=\"font-size: 10pt; font-family: Arial\">\u00a0<\/span><\/font><\/p>\n<p class=\"MsoNormal\"><img loading=\"lazy\" src=\"images\/stories\/esquinautico\/dsc_8319.jpg\" border=\"0\" width=\"250\" height=\"279\" align=\"left\" \/><font color=\"#000000\"><span style=\"font-size: 10pt; font-family: Arial\">Felipe Miranda volvi\u00f3 a demostrar que su nivel sigue en alza de cara al Campeonato Mundial Open y los Juegos Panamericanos y logrando su mejor marca del a\u00f1o logr\u00f3 un destacado sexto lugar en el torneo internacional de salto, King of Dankness que se disput\u00f3 en Michigan, Estados Unidos.<\/span><\/font><\/p>\n<p class=\"MsoNormal\"><font color=\"#000000\"><span style=\"font-size: 10pt; font-family: Arial\">\u00a0<\/span><\/font><\/p>\n<p class=\"MsoNormal\"><font color=\"#000000\"><span style=\"font-size: 10pt; font-family: Arial\">En el certamen hecho casi exclusivamente para especialistas y que tiene la particularidad que se disputa de noche, el ex campe\u00f3n mundial juvenil y Sub21 logr\u00f3 su objetivo de elevar nivel en la prueba y as\u00ed proyectar su overall, luego que se instalara sorpresivamente en la final y en esa instancia marcara un mejor brinco de 62.70  metros.<\/span><\/font><\/p>\n<p class=\"MsoNormal\"><font color=\"#000000\"><span style=\"font-size: 10pt; font-family: Arial\">\u00a0<\/span><\/font><\/p>\n<p class=\"MsoNormal\"><font color=\"#000000\"><span style=\"font-size: 10pt; font-family: Arial\">\u201cMe deja muy contento esta actuaci\u00f3n y con muchas ganas de seguir mejorando. Tengo mucho margen a\u00fan y tengo fe en que el nivel seguir\u00e1 aumentado\u201d dijo desde Estados Unidos el seleccionado nacional.<\/span><\/font><\/p>\n<p class=\"MsoNormal\"><font color=\"#000000\"><span style=\"font-size: 10pt; font-family: Arial\">\u00a0<\/span><\/font><\/p>\n<p class=\"MsoNormal\"><font color=\"#000000\"><span style=\"font-size: 10pt; font-family: Arial\">En la fase preliminar, Pipe marc\u00f3 un mejor salto de 56 metros, los que le permitieron entrar en la ronda final, la que se disput\u00f3 bajo la modalidad de head to head y donde el chileno se debi\u00f3 enfrentar al campe\u00f3n del mundo y recordman de la prueba, el estadounidense, Freddy Krueger.<\/span><\/font><\/p>\n<p class=\"MsoNormal\"><font color=\"#000000\"><span style=\"font-size: 10pt; font-family: Arial\">\u00a0<\/span><\/font><\/p>\n<p class=\"MsoNormal\"><font color=\"#000000\"><span style=\"font-size: 10pt; font-family: Arial\">Para Pipe Miranda esta fue su primera experiencia en un torneo nocturno, la que catalog\u00f3 como incre\u00edble \u201cEs una cosa completamente distinta saltar de noche. La velocidad se siente mucho m\u00e1s\u201d apunt\u00f3 el campe\u00f3n chileno.<\/span><\/font><\/p>\n<p class=\"MsoNormal\"><font color=\"#000000\"><span style=\"font-size: 10pt; font-family: Arial\">\u00a0<\/span><\/font><\/p>\n<p><font color=\"#000000\">  <span style=\"font-size: 10pt; font-family: Arial\">La medalla de oro en el tradicional torneo norteamericano fue para el canadiense Ryan Dodd, quien salt\u00f3 223  pies (67.9 metros) y derrot\u00f3 as\u00ed en el head to head a Freddy Krueger, quien se debi\u00f3 conformar con la plata tras marcar 219 pies (66.7 metros).<\/span><\/font><\/p>\n<p>&nbsp;<\/p>\n<p>PRENSA<\/p>\n<p><a href=\"http:\/\/www.emol.com\/noticias\/deportes\/2011\/06\/27\/489490\/esqui-nautico-felipe-miranda-logra-el-sexto-lugar-en-estados-unidos.html\" title=\"EMOL.COM\">http:\/\/www.emol.com\/noticias\/deportes\/2011\/06\/27\/489490\/esqui-nautico-felipe-miranda-logra-el-sexto-lugar-en-estados-unidos.html<\/a><\/p>\n<p><a href=\"http:\/\/www.cooperativa.cl\/felipe-miranda-destaco-en-el-king-of-dankness-en-estados-unidos\/prontus_nots\/2011-06-27\/135300.html\" title=\"COOPERATIVA.CL\">http:\/\/www.cooperativa.cl\/felipe-miranda-destaco-en-el-king-of-dankness-en-estados-unidos\/prontus_nots\/2011-06-27\/135300.html <\/a><\/p>\n<p><a href=\"http:\/\/www.biobiochile.cl\/2011\/06\/27\/esqui-nautico-felipe-miranda-logra-destacado-6-lugar-en-torneo-internacional-de-saltos-en-eeuu.shtml\" title=\"RADIO BIOBIO.CL\">http:\/\/www.biobiochile.cl\/2011\/06\/27\/esqui-nautico-felipe-miranda-logra-destacado-6-lugar-en-torneo-internacional-de-saltos-en-eeuu.shtml<\/a><\/p>\n<p>&nbsp;<\/p>\n","protected":false},"excerpt":{"rendered":"<p>Campe\u00f3n nacional fue a buscar m\u00e1s metros al King of Dankness y se trajo m\u00e1s que eso: su mejor marca<\/p>\n","protected":false},"author":2,"featured_media":0,"comment_status":"closed","ping_status":"open","sticky":false,"template":"","format":"standard","meta":[],"categories":[1],"tags":[],"_links":{"self":[{"href":"http:\/\/www.esquinautico.cl\/index.php?rest_route=\/wp\/v2\/posts\/1217"}],"collection":[{"href":"http:\/\/www.esquinautico.cl\/index.php?rest_route=\/wp\/v2\/posts"}],"about":[{"href":"http:\/\/www.esquinautico.cl\/index.php?rest_route=\/wp\/v2\/types\/post"}],"author":[{"embeddable":true,"href":"http:\/\/www.esquinautico.cl\/index.php?rest_route=\/wp\/v2\/users\/2"}],"replies":[{"embeddable":true,"href":"http:\/\/www.esquinautico.cl\/index.php?rest_route=%2Fwp%2Fv2%2Fcomments&post=1217"}],"version-history":[{"count":0,"href":"http:\/\/www.esquinautico.cl\/index.php?rest_route=\/wp\/v2\/posts\/1217\/revisions"}],"wp:attachment":[{"href":"http:\/\/www.esquinautico.cl\/index.php?rest_route=%2Fwp%2Fv2%2Fmedia&parent=1217"}],"wp:term":[{"taxonomy":"category","embeddable":true,"href":"http:\/\/www.esquinautico.cl\/index.php?rest_route=%2Fwp%2Fv2%2Fcategories&post=1217"},{"taxonomy":"post_tag","embeddable":true,"href":"http:\/\/www.esquinautico.cl\/index.php?rest_route=%2Fwp%2Fv2%2Ftags&post=1217"}],"curies":[{"name":"wp","href":"https:\/\/api.w.org\/{rel}","templated":true}]}}