{"id":1219,"date":"2011-07-11T14:11:10","date_gmt":"2011-07-11T14:11:10","guid":{"rendered":"http:\/\/www.esquinautico.cl\/nuevo\/?p=1219"},"modified":"2011-07-11T14:11:10","modified_gmt":"2011-07-11T14:11:10","slug":"toti-no-baja-de-los-65-metros","status":"publish","type":"post","link":"http:\/\/www.esquinautico.cl\/?p=1219","title":{"rendered":"TOTI NO BAJA DE LOS 65 METROS"},"content":{"rendered":"<p><!--[if gte mso 9]><xml>  <w:WordDocument>   <w:View>Normal<\/w:View>   <w:Zoom>0<\/w:Zoom>   <w:HyphenationZone>21<\/w:HyphenationZone>   <w:PunctuationKerning\/>   <w:ValidateAgainstSchemas\/>   <w:SaveIfXMLInvalid>false<\/w:SaveIfXMLInvalid>   <w:IgnoreMixedContent>false<\/w:IgnoreMixedContent>   <w:AlwaysShowPlaceholderText>false<\/w:AlwaysShowPlaceholderText>   <w:Compatibility>    <w:BreakWrappedTables\/>    <w:SnapToGridInCell\/>    <w:WrapTextWithPunct\/>    <w:UseAsianBreakRules\/>    <w:DontGrowAutofit\/>   <\/w:Compatibility>   <w:BrowserLevel>MicrosoftInternetExplorer4<\/w:BrowserLevel>  <\/w:WordDocument> <\/xml><![endif]--><!--[if gte mso 9]><xml>  <w:LatentStyles DefLockedState=\"false\" LatentStyleCount=\"156\">  <\/w:LatentStyles> <\/xml><![endif]--><!--[if !mso]>\n\n<div   classid=\"clsid:38481807-CA0E-42D2-BF39-B33AF135CC4D\" id=ieooui><\/div>\n\n \n\n<style> st1:*{behavior:url(#ieooui) } <\/style>\n\n <![endif]--><!--[if gte mso 10]> \n\n<style>  \/* Style Definitions *\/  table.MsoNormalTable \t{mso-style-name:\"Tabla normal\"; \tmso-tstyle-rowband-size:0; \tmso-tstyle-colband-size:0; \tmso-style-noshow:yes; \tmso-style-parent:\"\"; \tmso-padding-alt:0cm 5.4pt 0cm 5.4pt; \tmso-para-margin:0cm; \tmso-para-margin-bottom:.0001pt; \tmso-pagination:widow-orphan; \tfont-size:10.0pt; \tfont-family:\"Times New Roman\"; \tmso-ansi-language:#0400; \tmso-fareast-language:#0400; \tmso-bidi-language:#0400;} <\/style>\n\n <![endif]-->  <\/p>\n<p class=\"MsoNormal\"><strong><font color=\"#000000\"><span style=\"font-size: 10pt; font-family: Arial\">Campe\u00f3n chileno de salto remat\u00f3 en un excelente sexto lugar en la final del Gloval Invitational de Michigan. Su hermano Pipe no pudo terminar su actuaci\u00f3n luego de sufrir una aparatosa ca\u00edda<\/span><\/font><\/strong><\/p>\n<p class=\"MsoNormal\"><font color=\"#000000\"><span style=\"font-size: 10pt; font-family: Arial\">\u00a0<\/span><\/font><\/p>\n<p class=\"MsoNormal\"><img loading=\"lazy\" src=\"images\/stories\/esquinautico\/9781285-large.jpg\" border=\"0\" width=\"250\" height=\"258\" align=\"left\" \/><font color=\"#000000\"><span style=\"font-size: 10pt; font-family: Arial\">Rodrigo Miranda logr\u00f3 su segunda mejor actuaci\u00f3n del a\u00f1o en Michigan, luego que este domingo rematara en el sexto lugar en la final de saltos del torneo internacional Gloval Invitational 2011.<\/span><\/font><\/p>\n<p class=\"MsoNormal\"><font color=\"#000000\"><span style=\"font-size: 10pt; font-family: Arial\">\u00a0<\/span><\/font><\/p>\n<p class=\"MsoNormal\"><font color=\"#000000\"><span style=\"font-size: 10pt; font-family: Arial\">El campe\u00f3n nacional de la rampa se abri\u00f3 camino en el linajudo torneo y con un brinco de 65.20 metros se gan\u00f3 un lugar en la final, instancia en la que volvi\u00f3 a destacar luego que saltara 64.70 metros, que lo dejaron definitivamente en el sexto lugar del torneo.<\/span><\/font><\/p>\n<p class=\"MsoNormal\"><font color=\"#000000\"><span style=\"font-size: 10pt; font-family: Arial\">\u00a0<\/span><\/font><\/p>\n<p class=\"MsoNormal\"><font color=\"#000000\"><span style=\"font-size: 10pt; font-family: Arial\">\u201cEste es un torneo preparatorio para nosotros y logr\u00e9 el objetivo que era sumar metros y confianza. Creo que llego muy bien al Mundial, con un buen momento en lo f\u00edsico y preparado muy fuerte en lo mental\u201d dijo desde Estados Unidos, Rodrigo Miranda.<\/span><\/font><\/p>\n<p class=\"MsoNormal\"><font color=\"#000000\"><span style=\"font-size: 10pt; font-family: Arial\">\u00a0<\/span><\/font><\/p>\n<p class=\"MsoNormal\"><strong><font color=\"#000000\"><span style=\"font-size: 10pt; font-family: Arial\">PIPE Y UN SUSTO NADA M\u00c1S<\/span><\/font><\/strong><\/p>\n<p class=\"MsoNormal\"><font color=\"#000000\"><span style=\"font-size: 10pt; font-family: Arial\">La preocupaci\u00f3n en momentos fue grande para el equipo chileno, que por completo se debi\u00f3 trasladar hasta el centro hospitalario m\u00e1s cercano para cuantificar las lesiones que sufri\u00f3 este domingo Felipe Miranda tras protagonizar una aparatosa ca\u00edda mientras compet\u00eda en las eliminatorias de salto.<\/span><\/font><\/p>\n<p class=\"MsoNormal\"><font color=\"#000000\"><span style=\"font-size: 10pt; font-family: Arial\">\u00a0<\/span><\/font><\/p>\n<p class=\"MsoNormal\"><font color=\"#000000\"><span style=\"font-size: 10pt; font-family: Arial\">Tras salir correctamente desde la rampa, Pipe en medio de su vuelo perdi\u00f3 el control lo que lo llev\u00f3 a sufrir una aparatosa ca\u00edda y perder incluso por algunos momentos el conocimiento.<\/span><\/font><\/p>\n<p class=\"MsoNormal\"><font color=\"#000000\"><span style=\"font-size: 10pt; font-family: Arial\">\u00a0<\/span><\/font><\/p>\n<p class=\"MsoNormal\"><font color=\"#000000\"><span style=\"font-size: 10pt; font-family: Arial\">\u201cEra un salto tranquilo, incluso para llegar lejos, pero de repente me agarr\u00f3 un viento muy fuerte por el lado izquierdo que me hizo perder el control. Lo bueno es que no tengo nada roto y ahora estoy bien\u201d dijo tras volver al lago de Michigan, Felipe Miranda.<\/span><\/font><\/p>\n<p class=\"MsoNormal\"><font color=\"#000000\"><span style=\"font-size: 10pt; font-family: Arial\">\u00a0<\/span><\/font><\/p>\n<p class=\"MsoNormal\"><font color=\"#000000\"><span style=\"font-size: 10pt; font-family: Arial\">Antes de sufrir su ca\u00edda, Pipe tambi\u00e9n marcaba una positiva jornada, luego de haber saltado 63,7 metros y haber esquivado 3 boyas a 10,75 metros en slalom. <\/span><\/font><\/p>\n<p class=\"MsoNormal\"><strong>\u00a0<\/strong><\/p>\n<p class=\"MsoNormal\"><strong><font color=\"#000000\">RESULTADOS<\/font><\/strong><\/p>\n<p class=\"MsoNormal\"><strong><font color=\"#000000\">\u00a0<\/font><\/strong><!--[if gte mso 9]><xml>  <w:WordDocument>   <w:View>Normal<\/w:View>   <w:Zoom>0<\/w:Zoom>   <w:HyphenationZone>21<\/w:HyphenationZone>   <w:PunctuationKerning\/>   <w:ValidateAgainstSchemas\/>   <w:SaveIfXMLInvalid>false<\/w:SaveIfXMLInvalid>   <w:IgnoreMixedContent>false<\/w:IgnoreMixedContent>   <w:AlwaysShowPlaceholderText>false<\/w:AlwaysShowPlaceholderText>   <w:Compatibility>    <w:BreakWrappedTables\/>    <w:SnapToGridInCell\/>    <w:WrapTextWithPunct\/>    <w:UseAsianBreakRules\/>    <w:DontGrowAutofit\/>   <\/w:Compatibility>   <w:BrowserLevel>MicrosoftInternetExplorer4<\/w:BrowserLevel>  <\/w:WordDocument> <\/xml><![endif]--><!--[if gte mso 9]><xml>  <w:LatentStyles DefLockedState=\"false\" LatentStyleCount=\"156\">  <\/w:LatentStyles> <\/xml><![endif]--><!--[if gte mso 10]> \n\n<style>  \/* Style Definitions *\/  table.MsoNormalTable \t{mso-style-name:\"Tabla normal\"; \tmso-tstyle-rowband-size:0; \tmso-tstyle-colband-size:0; \tmso-style-noshow:yes; \tmso-style-parent:\"\"; \tmso-padding-alt:0cm 5.4pt 0cm 5.4pt; \tmso-para-margin:0cm; \tmso-para-margin-bottom:.0001pt; \tmso-pagination:widow-orphan; \tfont-size:10.0pt; \tfont-family:\"Times New Roman\"; \tmso-ansi-language:#0400; \tmso-fareast-language:#0400; \tmso-bidi-language:#0400;} <\/style>\n\n <![endif]-->  <\/p>\n<p class=\"MsoNormal\"><font color=\"#000000\"><span style=\"font-size: 10pt; font-family: Arial\"><strong>GLOBAL INVITATIONAL 2011 \/ MEN SLALOM<\/strong><\/p>\n<p> ******\u00a0 OFFICIAL FINAL PLACEMENTS\u00a0 ******<\/p>\n<p> \u00a0\u00a0\u00a0 1\u00a0 DEGASPERI, THOMAS: 117.0 \/ 117.0 \/ 1343.1<br \/> \u00a0\u00a0\u00a0 2\u00a0 ASHER, WILLIAM: 118.0 \/ 116.5 \/ 1376.9 <br \/> \u00a0\u00a0\u00a0 3\u00a0 SMITH, NATE: 119.5 \/ 116.2 \/ 1428.8<br \/> \u00a0\u00a0\u00a0 4\u00a0 MCCLINTOCK, JASON: 113.0 \/ 116.2 \/ 116.0 \/ 1318.1<br \/> \u00a0\u00a0\u00a0 5\u00a0 TRAVERS, JONATHAN: 113.5 \/ 116.0 \/ 116.0 \/ 1309.8 <br \/> \u00a0\u00a0\u00a0 6\u00a0 BEAUCHESNE, JAMIE: 116.0 \/ 116.0 \/ 112.5 \/ 1309.8<br \/> \u00a0\u00a0\u00a0 7\u00a0 PARRISH, CHRIS: 115.5 \/ 111.5 \/ 1293.3<br \/> \u00a0\u00a0\u00a0 8\u00a0 BROWN, MARCUS: 113.0 \/ 115.0 \/ 1277.0<br \/> \u00a0\u00a0\u00a0 9\u00a0 FISHER, JODI: 102.5 \/ 115.0 \/ 1277.0<br \/> \u00a0\u00a0 10\u00a0 SEDLMAJER, ADAM: 113.5 \/ 112.5 \/ 1229.0<br \/> \u00a0\u00a0 11\u00a0 ALLAIS, CARLO: 113.5 \/ 105.5 \/ 1229.0<br \/> \u00a0\u00a0 12T HUMBURG, COREY: 112.5 \/ 113.0 \/ 1213.3<br \/> \u00a0\u00a0 12T WINTER, TERRY: 113.0 \/ 112.5 \/ 1213.3<br \/> \u00a0\u00a0 14\u00a0 PARSONS, NICK: 113.0 \/ 112.0 \/ 1213.3 <br \/> \u00a0\u00a0 15\u00a0 BURDICK, CALE: 113.0 \/ 110.5 \/ 1213.3<br \/> \u00a0\u00a0 16\u00a0 RODGERS, JEFFREY: 112.0 \/ 112.0 \/ 1182.2<br \/> \u00a0\u00a0 17T SUSI, BILLY: 111.5 \/ 111.0 \/ 1166.9<br \/> \u00a0\u00a0 17T BARTALSKY, MARTIN: 111.5 \/ 111.0 \/ 1166.9<br \/> \u00a0\u00a0 19\u00a0 BRANTLEY, TOM: 111.5 \/ 110.0 \/ 1166.9<br \/> \u00a0\u00a0 20\u00a0 LUZZERI, MATTEO: 111.5 \/ 105.0 \/ 1166.9<br \/> \u00a0\u00a0<font color=\"#FF0000\"> 21\u00a0 MIRANDA, FELIPE: 111.0 \/ 108.5 \/ 1151.7<\/font><br \/> \u00a0\u00a0 22\u00a0 FINLAYSON, TRENT: 111.0 \/ 108.0 \/ 1151.7<br \/> \u00a0\u00a0 23\u00a0 OPPENLANDER, TY: 108.0 \/ 110.5 \/ 1136.6<br \/> \u00a0\u00a0 24T ODVARKO, DANIEL: 110.0 \/ 110.0 \/ 1121.7<br \/> \u00a0\u00a0 24T MOORE, THOMAS: 110.0 \/ 110.0 \/ 1121.7<br \/> \u00a0\u00a0 26\u00a0 KIRBY, DEREK: 109.5 \/ 106.5 \/ 1106.9<br \/> \u00a0\u00a0 27\u00a0 ABEL, AUSTIN: 105.5 \/ 106.0 \/ 1007.1 <br \/> \u00a0\u00a0 28\u00a0 MOORE, BRIAN: 105.0 \/ 979.7\u00a0\/ 979.7<br \/> \u00a0\u00a0 29\u00a0 KUSIAK, MICHAEL: 98.5 \/\u00a099.0 \/ 826.3<\/p>\n<p> \u00a0\u00a0 ******* SCORED WITH WSTIMS REL 3.58 (JUN 2011) *******<\/p>\n<p> <strong><br \/> GLOBAL INVITATIONAL 2011 \/MEN JUMP<\/strong><\/p>\n<p> ******\u00a0 OFFICIAL FINAL PLACEMENTS\u00a0 ******<\/p>\n<p> \u00a0\u00a0\u00a0 1\u00a0 KRUEGER, FREDDY: 72.4 \/ 71.5 \/ 72.4 \/ 1433.0<br \/> \u00a0\u00a0\u00a0 2\u00a0 WORDEN, ZACK: 68.6 \/ 70.1 \/ 70.1 \/ 1386.0<br \/> \u00a0\u00a0\u00a0 3\u00a0 ELLIS, SCOT: 66.6 \/ 69.6 \/ 69.6 \/ 1372.6<br \/> \u00a0\u00a0\u00a0 4\u00a0 MAGNOWSKI, KOLE: 61.7 \/ 63.6 \/\u00a066.3 \/ 66.3 \/ 1298.4<br \/> \u00a0\u00a0\u00a0 5\u00a0 SHARMAN, DAMIEN: 63.7 \/ 63.7\u00a0\/ 65.7\u00a0\/ 65.7 \/ 1284.9<br \/> <font color=\"#FF0000\">\u00a0\u00a0\u00a0 6\u00a0 MIRANDA, RODRIGO: 61.3\u00a0\/ 65.2\u00a0\/ 64.7\u00a0\/ 65.2 \/ 1278.1<br \/> \u00a0\u00a0\u00a0 7\u00a0 MIRANDA, FELIPE: 63.7\u00a0\/\u00a00\u00a0\/ 63.7 \/ 1244.3<\/font><br \/> \u00a0\u00a0\u00a0 8\u00a0 MOMMER, CASEY: 54.0\u00a0\/ 61.3 \/ 61.3 \/ 1190.0<br \/> \u00a0\u00a0\u00a0 9\u00a0 KINNEY, BRIAN: 60.2 \/ 60.2 \/ 1162.8<br \/> \u00a0\u00a0 10\u00a0 BARTALSKY, MARTIN: 54.0\u00a0\/ 58.9 \/ 58.9 \/ 1135.6<br \/> \u00a0\u00a0 11\u00a0 SEDLMAJER, ADAM: 58.6 \/\u00a058.0 \/ 58.6 \/ 1128.8<\/span><\/font><\/p>\n<p class=\"MsoNormal\">&nbsp;<\/p>\n<p class=\"MsoNormal\">&nbsp;<\/p>\n","protected":false},"excerpt":{"rendered":"<p>Campe\u00f3n chileno de salto remat\u00f3 en un excelente sexto lugar en la final del Gloval Invitational de Michigan. Su hermano<\/p>\n","protected":false},"author":2,"featured_media":0,"comment_status":"closed","ping_status":"open","sticky":false,"template":"","format":"standard","meta":[],"categories":[1],"tags":[],"_links":{"self":[{"href":"http:\/\/www.esquinautico.cl\/index.php?rest_route=\/wp\/v2\/posts\/1219"}],"collection":[{"href":"http:\/\/www.esquinautico.cl\/index.php?rest_route=\/wp\/v2\/posts"}],"about":[{"href":"http:\/\/www.esquinautico.cl\/index.php?rest_route=\/wp\/v2\/types\/post"}],"author":[{"embeddable":true,"href":"http:\/\/www.esquinautico.cl\/index.php?rest_route=\/wp\/v2\/users\/2"}],"replies":[{"embeddable":true,"href":"http:\/\/www.esquinautico.cl\/index.php?rest_route=%2Fwp%2Fv2%2Fcomments&post=1219"}],"version-history":[{"count":1,"href":"http:\/\/www.esquinautico.cl\/index.php?rest_route=\/wp\/v2\/posts\/1219\/revisions"}],"predecessor-version":[{"id":1441,"href":"http:\/\/www.esquinautico.cl\/index.php?rest_route=\/wp\/v2\/posts\/1219\/revisions\/1441"}],"wp:attachment":[{"href":"http:\/\/www.esquinautico.cl\/index.php?rest_route=%2Fwp%2Fv2%2Fmedia&parent=1219"}],"wp:term":[{"taxonomy":"category","embeddable":true,"href":"http:\/\/www.esquinautico.cl\/index.php?rest_route=%2Fwp%2Fv2%2Fcategories&post=1219"},{"taxonomy":"post_tag","embeddable":true,"href":"http:\/\/www.esquinautico.cl\/index.php?rest_route=%2Fwp%2Fv2%2Ftags&post=1219"}],"curies":[{"name":"wp","href":"https:\/\/api.w.org\/{rel}","templated":true}]}}