{"id":1220,"date":"2011-07-16T20:08:32","date_gmt":"2011-07-16T20:08:32","guid":{"rendered":"http:\/\/www.esquinautico.cl\/nuevo\/?p=1220"},"modified":"2011-07-16T20:08:32","modified_gmt":"2011-07-16T20:08:32","slug":"la-roja-ya-esquia-en-rusia","status":"publish","type":"post","link":"http:\/\/www.esquinautico.cl\/?p=1220","title":{"rendered":"LA ROJA YA ESQU\u00cdA EN RUSIA"},"content":{"rendered":"<p><!--[if gte mso 9]><xml>  <w:WordDocument>   <w:View>Normal<\/w:View>   <w:Zoom>0<\/w:Zoom>   <w:HyphenationZone>21<\/w:HyphenationZone>   <w:PunctuationKerning\/>   <w:ValidateAgainstSchemas\/>   <w:SaveIfXMLInvalid>false<\/w:SaveIfXMLInvalid>   <w:IgnoreMixedContent>false<\/w:IgnoreMixedContent>   <w:AlwaysShowPlaceholderText>false<\/w:AlwaysShowPlaceholderText>   <w:Compatibility>    <w:BreakWrappedTables\/>    <w:SnapToGridInCell\/>    <w:WrapTextWithPunct\/>    <w:UseAsianBreakRules\/>    <w:DontGrowAutofit\/>   <\/w:Compatibility>   <w:BrowserLevel>MicrosoftInternetExplorer4<\/w:BrowserLevel>  <\/w:WordDocument> <\/xml><![endif]--><!--[if gte mso 9]><xml>  <w:LatentStyles DefLockedState=\"false\" LatentStyleCount=\"156\">  <\/w:LatentStyles> <\/xml><![endif]--><!--[if gte mso 10]> \n\n<style>  \/* Style Definitions *\/  table.MsoNormalTable \t{mso-style-name:\"Tabla normal\"; \tmso-tstyle-rowband-size:0; \tmso-tstyle-colband-size:0; \tmso-style-noshow:yes; \tmso-style-parent:\"\"; \tmso-padding-alt:0cm 5.4pt 0cm 5.4pt; \tmso-para-margin:0cm; \tmso-para-margin-bottom:.0001pt; \tmso-pagination:widow-orphan; \tfont-size:10.0pt; \tfont-family:\"Times New Roman\"; \tmso-ansi-language:#0400; \tmso-fareast-language:#0400; \tmso-bidi-language:#0400;} <\/style>\n\n <![endif]-->  <\/p>\n<p class=\"MsoNormal\"><strong><font color=\"#000000\"><span style=\"font-size: 10pt; font-family: Arial\">Equipo chileno ya est\u00e1 concentrado en Dubna para iniciar este lunes su actuaci\u00f3n en el Mundial Open 2011<\/span><\/font><\/strong><\/p>\n<p class=\"MsoNormal\"><font color=\"#000000\"><span style=\"font-size: 10pt; font-family: Arial\">\u00a0<\/span><\/font><\/p>\n<p class=\"MsoNormal\"><img loading=\"lazy\" src=\"images\/stories\/esquinautico\/ddd.jpg\" border=\"0\" width=\"250\" height=\"255\" align=\"left\" \/><font color=\"#000000\"><span style=\"font-size: 10pt; font-family: Arial\">Este s\u00e1bado se reuni\u00f3 por completo en Rusia la selecci\u00f3n nacional que competir\u00e1 a partir de este lunes en el Campeonato Mundial Open de Esqu\u00ed N\u00e1utico, Dubna 2011.<\/span><\/font><\/p>\n<p class=\"MsoNormal\"><font color=\"#000000\"><span style=\"font-size: 10pt; font-family: Arial\">\u00a0<\/span><\/font><\/p>\n<p class=\"MsoNormal\"><font color=\"#000000\"><span style=\"font-size: 10pt; font-family: Arial\">Encabezados por los hermanos Felipe y Rodrigo Miranda, el equipo nacional ya conoci\u00f3 las instalaciones donde se disputar\u00e1 la competencia planetaria, que congregar\u00e1 en los tres eventos y el overall a lo m\u00e1s selecto del esqu\u00ed mundial.<\/span><\/font><\/p>\n<p class=\"MsoNormal\"><font color=\"#000000\"><span style=\"font-size: 10pt; font-family: Arial\">\u00a0<\/span><\/font><\/p>\n<p class=\"MsoNormal\"><font color=\"#000000\"><span style=\"font-size: 10pt; font-family: Arial\">Desde Estados Unidos, tambi\u00e9n partieron junto a los hermanos Miranda, la campeona Odesur, Tiare Miranda, Nicole Naser y Diego Gonz\u00e1lez, y dese Santiago se uni\u00f3 a la delegaci\u00f3n chilena el slalomista Rodolfo Guzm\u00e1n.<\/span><\/font><\/p>\n<p class=\"MsoNormal\"><font color=\"#000000\"><span style=\"font-size: 10pt; font-family: Arial\">\u00a0<\/span><\/font><\/p>\n<p class=\"MsoNormal\"><font color=\"#000000\"><span style=\"font-size: 10pt; font-family: Arial\">Completaron el team nacional en Rusia, el seleccionador Tanguy Benet, el kinesi\u00f3logo Sergio Valdivia, el presidente de la delegaci\u00f3n, Waldo Miranda y el dirigente Jorge Naser.<\/span><\/font><\/p>\n<p class=\"MsoNormal\"><font color=\"#000000\"><span style=\"font-size: 10pt; font-family: Arial\">\u00a0<\/span><\/font><\/p>\n<p class=\"MsoNormal\"><strong><font color=\"#000000\"><span style=\"font-size: 10pt; font-family: Arial\">Los chilenos y sus desaf\u00edos<\/span><\/font><\/strong><\/p>\n<p class=\"MsoNormal\">&nbsp;<\/p>\n<ul>\n<li><font color=\"#000000\"><span style=\"font-size: 10pt; font-family: Arial\">Felipe Miranda: Slalom, Figuras, Salto y Overall<\/span><\/font><\/li>\n<li><font color=\"#000000\"><span style=\"font-size: 10pt; font-family: Arial\"><br \/><\/span><\/font><\/li>\n<li><font color=\"#000000\"><span style=\"font-size: 10pt; font-family: Arial\">Rodrigo Miranda: Slalom, Figuras, Salto y Overall<\/span><\/font><\/li>\n<li><font color=\"#000000\"><span style=\"font-size: 10pt; font-family: Arial\"><br \/><\/span><\/font><\/li>\n<li><font color=\"#000000\"><span style=\"font-size: 10pt; font-family: Arial\">Tiare Miranda: Slalom, Figuras, Salto y Overall<\/span><\/font><\/li>\n<li><font color=\"#000000\"><span style=\"font-size: 10pt; font-family: Arial\"><br \/><\/span><\/font><\/li>\n<li><font color=\"#000000\"><span style=\"font-size: 10pt; font-family: Arial\">Nicole Naser: Slalom, Figuras, Salto y Overall<\/span><\/font><\/li>\n<li><font color=\"#000000\"><span style=\"font-size: 10pt; font-family: Arial\"><br \/><\/span><\/font><\/li>\n<li><font color=\"#000000\"><span style=\"font-size: 10pt; font-family: Arial\">Diego Gonz\u00e1lez: Slalom y Figuras.<\/span><\/font><\/li>\n<li><font color=\"#000000\"><span style=\"font-size: 10pt; font-family: Arial\"><br \/><\/span><\/font><\/li>\n<li><font color=\"#000000\">  <span style=\"font-size: 10pt; font-family: Arial\">Rodolfo Guzm\u00e1n: Slalom.<\/span><\/font><\/li>\n<\/ul>\n","protected":false},"excerpt":{"rendered":"<p>Equipo chileno ya est\u00e1 concentrado en Dubna para iniciar este lunes su actuaci\u00f3n en el Mundial Open 2011 \u00a0 Este<\/p>\n","protected":false},"author":2,"featured_media":0,"comment_status":"closed","ping_status":"open","sticky":false,"template":"","format":"standard","meta":[],"categories":[1],"tags":[],"_links":{"self":[{"href":"http:\/\/www.esquinautico.cl\/index.php?rest_route=\/wp\/v2\/posts\/1220"}],"collection":[{"href":"http:\/\/www.esquinautico.cl\/index.php?rest_route=\/wp\/v2\/posts"}],"about":[{"href":"http:\/\/www.esquinautico.cl\/index.php?rest_route=\/wp\/v2\/types\/post"}],"author":[{"embeddable":true,"href":"http:\/\/www.esquinautico.cl\/index.php?rest_route=\/wp\/v2\/users\/2"}],"replies":[{"embeddable":true,"href":"http:\/\/www.esquinautico.cl\/index.php?rest_route=%2Fwp%2Fv2%2Fcomments&post=1220"}],"version-history":[{"count":0,"href":"http:\/\/www.esquinautico.cl\/index.php?rest_route=\/wp\/v2\/posts\/1220\/revisions"}],"wp:attachment":[{"href":"http:\/\/www.esquinautico.cl\/index.php?rest_route=%2Fwp%2Fv2%2Fmedia&parent=1220"}],"wp:term":[{"taxonomy":"category","embeddable":true,"href":"http:\/\/www.esquinautico.cl\/index.php?rest_route=%2Fwp%2Fv2%2Fcategories&post=1220"},{"taxonomy":"post_tag","embeddable":true,"href":"http:\/\/www.esquinautico.cl\/index.php?rest_route=%2Fwp%2Fv2%2Ftags&post=1220"}],"curies":[{"name":"wp","href":"https:\/\/api.w.org\/{rel}","templated":true}]}}