{"id":1229,"date":"2011-08-05T02:56:43","date_gmt":"2011-08-05T02:56:43","guid":{"rendered":"http:\/\/www.esquinautico.cl\/nuevo\/?p=1229"},"modified":"2011-09-08T06:06:43","modified_gmt":"2011-09-08T06:06:43","slug":"ahora-van-por-el-malibu-open","status":"publish","type":"post","link":"http:\/\/www.esquinautico.cl\/?p=1229","title":{"rendered":"AHORA VAN POR EL MALIB\u00da OPEN"},"content":{"rendered":"<p class=\"MsoNormal\"><strong><span style=\"color: #000000;\"><span style=\"font-size: 10pt; font-family: Arial;\">Rodrigo y Felipe Miranda volver\u00e1n a las pistas este viernes en Wisconsin<\/span><\/span><\/strong><\/p>\n<p class=\"MsoNormal\"><span style=\"color: #000000;\"><span style=\"font-size: 10pt; font-family: Arial;\">\u00a0<\/span><\/span><\/p>\n<p class=\"MsoNormal\"><img loading=\"lazy\" src=\"\/images\/stories\/esquinautico\/pdio%20mundial1.jpg\" alt=\"\" width=\"250\" height=\"312\" align=\"left\" border=\"0\" \/><span style=\"color: #000000;\"><span style=\"font-size: 10pt; font-family: Arial;\">Tras cumplir la mejor actuaci\u00f3n chilena en un campeonato mundial open, los hermanos Felipe y Rodrigo Miranda proseguir\u00e1n este fin de semana con sus presentaciones en el circuito internacional de Estados Unidos.<\/span><\/span><\/p>\n<p class=\"MsoNormal\"><span style=\"color: #000000;\"><span style=\"font-size: 10pt; font-family: Arial;\">\u00a0<\/span><\/span><\/p>\n<p class=\"MsoNormal\"><span style=\"color: #000000;\"><span style=\"font-size: 10pt; font-family: Arial;\">El tradicional Malib\u00fa Open que se disputa en Wisconsin ser\u00e1 esta vez el certamen que tendr\u00e1 en el muelle a los dos campeones nacionales, que seguir\u00e1n de esta manera con su preparaci\u00f3n de cara a los Juegos Panamericanos de Guadalajara 2011.<\/span><\/span><\/p>\n<p class=\"MsoNormal\"><span style=\"color: #000000;\"><span style=\"font-size: 10pt; font-family: Arial;\">\u00a0<\/span><\/span><\/p>\n<p class=\"MsoNormal\"><span style=\"color: #000000;\"><span style=\"font-size: 10pt; font-family: Arial;\">Rodrigo Miranda estrenar\u00e1 su condici\u00f3n de medallista mundial de salto, con una presentaci\u00f3n en la rampa del certamen estadounidense.<\/span><\/span><\/p>\n<p class=\"MsoNormal\"><span style=\"color: #000000;\"><span style=\"font-size: 10pt; font-family: Arial;\">\u00a0<\/span><\/span><\/p>\n<p class=\"MsoNormal\"><span style=\"color: #000000;\"><span style=\"font-size: 10pt; font-family: Arial;\">Por su parte, Felipe Miranda, seguir\u00e1 en su plan de elevar sus marcas de cara al overall y buscar\u00e1 destacar en las eliminatorias de slalom y salto.<\/span><\/span><\/p>\n<p class=\"MsoNormal\"><span style=\"color: #000000;\"><span style=\"font-size: 10pt; font-family: Arial;\">\u00a0<\/span><\/span><\/p>\n<p class=\"MsoNormal\"><span style=\"color: #000000;\"><span style=\"font-size: 10pt; font-family: Arial;\">El Malib\u00fa Open 2011 se disputar\u00e1 el viernes en su fase clasificatoria y el s\u00e1bado concluir\u00e1 con las finales en slalom y salto en damas y varones.<\/span><\/span><\/p>\n<p class=\"MsoNormal\"><span style=\"color: #000000;\"><span style=\"font-size: 10pt; font-family: Arial;\">\u00a0<\/span><\/span><\/p>\n<p class=\"MsoNormal\"><span style=\"color: #000000;\"><span style=\"font-size: 10pt; font-family: Arial;\">La repartici\u00f3n de 65 mil d\u00f3lares en premios ha hecho que grandes figuras como el campe\u00f3n mundial de salto Freddy Krueger figuren inscritas en la competencia. <\/span><\/span><\/p>\n<p class=\"MsoNormal\"><span style=\"color: #000000;\"><span style=\"font-size: 10pt; font-family: Arial;\">\u00a0<\/span><\/span><\/p>\n<p class=\"MsoNormal\"><span style=\"color: #000000;\"><span style=\"font-size: 10pt; font-family: Arial;\">M\u00c1S INFORMACI\u00d3N<\/span><\/span><\/p>\n<p class=\"MsoNormal\"><span style=\"color: #000000;\"><span style=\"font-size: 10pt; font-family: Arial;\">\u00a0<\/span><\/span><\/p>\n<p class=\"MsoNormal\"><span style=\"color: #000000;\"><span style=\"font-size: 10pt; font-family: Arial;\">Sigue el torneo en vivo a trav\u00e9s de www.proskitour.com<\/span><\/span><\/p>\n","protected":false},"excerpt":{"rendered":"<p>Rodrigo y Felipe Miranda volver\u00e1n a las pistas este viernes en Wisconsin \u00a0 Tras cumplir la mejor actuaci\u00f3n chilena en<\/p>\n","protected":false},"author":2,"featured_media":0,"comment_status":"closed","ping_status":"open","sticky":false,"template":"","format":"standard","meta":[],"categories":[3],"tags":[],"_links":{"self":[{"href":"http:\/\/www.esquinautico.cl\/index.php?rest_route=\/wp\/v2\/posts\/1229"}],"collection":[{"href":"http:\/\/www.esquinautico.cl\/index.php?rest_route=\/wp\/v2\/posts"}],"about":[{"href":"http:\/\/www.esquinautico.cl\/index.php?rest_route=\/wp\/v2\/types\/post"}],"author":[{"embeddable":true,"href":"http:\/\/www.esquinautico.cl\/index.php?rest_route=\/wp\/v2\/users\/2"}],"replies":[{"embeddable":true,"href":"http:\/\/www.esquinautico.cl\/index.php?rest_route=%2Fwp%2Fv2%2Fcomments&post=1229"}],"version-history":[{"count":1,"href":"http:\/\/www.esquinautico.cl\/index.php?rest_route=\/wp\/v2\/posts\/1229\/revisions"}],"predecessor-version":[{"id":1257,"href":"http:\/\/www.esquinautico.cl\/index.php?rest_route=\/wp\/v2\/posts\/1229\/revisions\/1257"}],"wp:attachment":[{"href":"http:\/\/www.esquinautico.cl\/index.php?rest_route=%2Fwp%2Fv2%2Fmedia&parent=1229"}],"wp:term":[{"taxonomy":"category","embeddable":true,"href":"http:\/\/www.esquinautico.cl\/index.php?rest_route=%2Fwp%2Fv2%2Fcategories&post=1229"},{"taxonomy":"post_tag","embeddable":true,"href":"http:\/\/www.esquinautico.cl\/index.php?rest_route=%2Fwp%2Fv2%2Ftags&post=1229"}],"curies":[{"name":"wp","href":"https:\/\/api.w.org\/{rel}","templated":true}]}}