{"id":1230,"date":"2011-08-08T15:56:42","date_gmt":"2011-08-08T15:56:42","guid":{"rendered":"http:\/\/www.esquinautico.cl\/nuevo\/?p=1230"},"modified":"2011-09-08T06:03:01","modified_gmt":"2011-09-08T06:03:01","slug":"toti-acorta-distancia-en-wisconsin","status":"publish","type":"post","link":"http:\/\/www.esquinautico.cl\/?p=1230","title":{"rendered":"TOTI ACORTA DISTANCIA EN WISCONSIN"},"content":{"rendered":"<p class=\"MsoNormal\"><strong><span style=\"color: #000000;\"><span style=\"font-size: 10pt; font-family: Arial;\">Rodrigo Miranda obtuvo una de sus mejores presentaciones del a\u00f1o este fin de semana tras rematar tercero en el tradicional Malib\u00fa Open<\/span><\/span><\/strong><\/p>\n<p class=\"MsoNormal\"><span style=\"color: #000000;\"><span style=\"font-size: 10pt; font-family: Arial;\">\u00a0<\/span><\/span><\/p>\n<p class=\"MsoNormal\"><img loading=\"lazy\" src=\"\/images\/stories\/esquinautico\/tom.jpg\" alt=\"\" width=\"250\" height=\"298\" align=\"left\" border=\"0\" \/><span style=\"color: #000000;\"><span style=\"font-size: 10pt; font-family: Arial;\">Con un estupendo tercer lugar en el Malib\u00fa Open, Rodrigo Miranda prolong\u00f3 este fin de semana su excelente campa\u00f1a internacional y ratific\u00f3 en la rampa su buen momento de cara a los Juegos Panamericanos de Guadalajara.<\/span><\/span><\/p>\n<p class=\"MsoNormal\"><span style=\"color: #000000;\"><span style=\"font-size: 10pt; font-family: Arial;\">\u00a0<\/span><\/span><\/p>\n<p class=\"MsoNormal\"><span style=\"color: #000000;\"><span style=\"font-size: 10pt; font-family: Arial;\">En las aguas de Wisconsin, el flamante medallista mundial mantuvo su elevado nivel y con una marca de 64,3 metros logr\u00f3 el bronce en el torneo v\u00e1lido por el Circuito Mundial de Esqu\u00ed N\u00e1utico 2011.<\/span><\/span><\/p>\n<p class=\"MsoNormal\"><span style=\"color: #000000;\"><span style=\"font-size: 10pt; font-family: Arial;\">\u00a0<\/span><\/span><\/p>\n<p class=\"MsoNormal\"><span style=\"color: #000000;\"><span style=\"font-size: 10pt; font-family: Arial;\">\u201cQued\u00e9 muy feliz con la marca y el resultado. Es una de las mejores actuaciones que he tenido en el a\u00f1o y lo mejor de todo es que me deja muy cerca de clasificar directo al Masters 2012, que es una de mis grandes metas para lo que viene\u201d dijo desde Estados Unidos el medallista panamericano.<\/span><\/span><\/p>\n<p class=\"MsoNormal\"><span style=\"color: #000000;\"><span style=\"font-size: 10pt; font-family: Arial;\">\u00a0<\/span><\/span><\/p>\n<p class=\"MsoNormal\"><span style=\"color: #000000;\"><span style=\"font-size: 10pt; font-family: Arial;\">Otro aspecto que dej\u00f3 satisfecho a Miranda fue lo cerca que qued\u00f3 en cuanto a marca de sus antecesores, pues el oro fue para el local y n\u00famero tres del mundo, Zack Worden con 65,2 metros y la plata fue para el campe\u00f3n mundial Freddy Krueger con 64,9.<\/span><\/span><\/p>\n<p class=\"MsoNormal\"><span style=\"color: #000000;\"><span style=\"font-size: 10pt; font-family: Arial;\">\u00a0<\/span><\/span><\/p>\n<p class=\"MsoNormal\"><span style=\"color: #000000;\"><span style=\"font-size: 10pt; font-family: Arial;\">\u201cEso es lo mejor. Estoy acortando distancia con los de arriba y estoy entrando en la pelea por los primeros lugares\u201d dijo el seleccionado chileno.<\/span><\/span><\/p>\n","protected":false},"excerpt":{"rendered":"<p>Rodrigo Miranda obtuvo una de sus mejores presentaciones del a\u00f1o este fin de semana tras rematar tercero en el tradicional<\/p>\n","protected":false},"author":2,"featured_media":0,"comment_status":"closed","ping_status":"open","sticky":false,"template":"","format":"standard","meta":[],"categories":[3],"tags":[],"_links":{"self":[{"href":"http:\/\/www.esquinautico.cl\/index.php?rest_route=\/wp\/v2\/posts\/1230"}],"collection":[{"href":"http:\/\/www.esquinautico.cl\/index.php?rest_route=\/wp\/v2\/posts"}],"about":[{"href":"http:\/\/www.esquinautico.cl\/index.php?rest_route=\/wp\/v2\/types\/post"}],"author":[{"embeddable":true,"href":"http:\/\/www.esquinautico.cl\/index.php?rest_route=\/wp\/v2\/users\/2"}],"replies":[{"embeddable":true,"href":"http:\/\/www.esquinautico.cl\/index.php?rest_route=%2Fwp%2Fv2%2Fcomments&post=1230"}],"version-history":[{"count":2,"href":"http:\/\/www.esquinautico.cl\/index.php?rest_route=\/wp\/v2\/posts\/1230\/revisions"}],"predecessor-version":[{"id":1255,"href":"http:\/\/www.esquinautico.cl\/index.php?rest_route=\/wp\/v2\/posts\/1230\/revisions\/1255"}],"wp:attachment":[{"href":"http:\/\/www.esquinautico.cl\/index.php?rest_route=%2Fwp%2Fv2%2Fmedia&parent=1230"}],"wp:term":[{"taxonomy":"category","embeddable":true,"href":"http:\/\/www.esquinautico.cl\/index.php?rest_route=%2Fwp%2Fv2%2Fcategories&post=1230"},{"taxonomy":"post_tag","embeddable":true,"href":"http:\/\/www.esquinautico.cl\/index.php?rest_route=%2Fwp%2Fv2%2Ftags&post=1230"}],"curies":[{"name":"wp","href":"https:\/\/api.w.org\/{rel}","templated":true}]}}