{"id":1238,"date":"2011-09-04T15:02:29","date_gmt":"2011-09-04T15:02:29","guid":{"rendered":"http:\/\/www.esquinautico.cl\/nuevo\/?p=1238"},"modified":"2011-09-13T00:38:41","modified_gmt":"2011-09-13T00:38:41","slug":"pablo-castro-finalizo-17%c2%ba-en-salto","status":"publish","type":"post","link":"http:\/\/www.esquinautico.cl\/?p=1238","title":{"rendered":"PABLO CASTRO FINALIZ\u00d3 17\u00ba EN SALTO"},"content":{"rendered":"<p><strong>El joven esquiador nacional culmin\u00f3 dentro del grupo de los veinte mejores participantes del Mundial Sub-21.<\/strong><\/p>\n<p><a href=\"http:\/\/www.esquinautico.cl\/wp-content\/uploads\/2011\/09\/DSC_8436.jpg\"><img loading=\"lazy\" class=\"alignleft size-medium wp-image-1360\" title=\"DSC_8436\" src=\"http:\/\/www.esquinautico.cl\/wp-content\/uploads\/2011\/09\/DSC_8436-300x150.jpg\" alt=\"\" width=\"300\" height=\"150\" srcset=\"http:\/\/www.esquinautico.cl\/wp-content\/uploads\/2011\/09\/DSC_8436-300x150.jpg 300w, http:\/\/www.esquinautico.cl\/wp-content\/uploads\/2011\/09\/DSC_8436.jpg 600w\" sizes=\"(max-width: 300px) 100vw, 300px\" \/><\/a>El joven esquiador nacional Pablo Castro finaliz\u00f3 dentro de los veinte mejores participantes de la competencia de salto del Campeonato Mundial Sub-21 que se realiza en Meuzac, Francia.<\/p>\n<p>Castro se ubic\u00f3 en el puesto n\u00famero 17\u00ba de la competencia, con una marca de 51,4 metros. Gracias a eso, se transform\u00f3 en el segundo mejor sudamericano de la especialidad, siendo solamente superado por el colombiano Alberto Mej\u00eda, quien qued\u00f3 14\u00ba con 54 metros.<\/p>\n<p>De esa forma, culmin\u00f3 la presentaci\u00f3n de la delegaci\u00f3n nacional en el certamen planetario de la categor\u00eda Sub-21, consiguiendo un total de 685,71 puntos en la competencia por equipos.<\/p>\n","protected":false},"excerpt":{"rendered":"<p>El joven esquiador nacional culmin\u00f3 dentro del grupo de los veinte mejores participantes del Mundial Sub-21.<\/p>\n","protected":false},"author":2,"featured_media":0,"comment_status":"closed","ping_status":"open","sticky":false,"template":"","format":"standard","meta":[],"categories":[3],"tags":[],"_links":{"self":[{"href":"http:\/\/www.esquinautico.cl\/index.php?rest_route=\/wp\/v2\/posts\/1238"}],"collection":[{"href":"http:\/\/www.esquinautico.cl\/index.php?rest_route=\/wp\/v2\/posts"}],"about":[{"href":"http:\/\/www.esquinautico.cl\/index.php?rest_route=\/wp\/v2\/types\/post"}],"author":[{"embeddable":true,"href":"http:\/\/www.esquinautico.cl\/index.php?rest_route=\/wp\/v2\/users\/2"}],"replies":[{"embeddable":true,"href":"http:\/\/www.esquinautico.cl\/index.php?rest_route=%2Fwp%2Fv2%2Fcomments&post=1238"}],"version-history":[{"count":4,"href":"http:\/\/www.esquinautico.cl\/index.php?rest_route=\/wp\/v2\/posts\/1238\/revisions"}],"predecessor-version":[{"id":1361,"href":"http:\/\/www.esquinautico.cl\/index.php?rest_route=\/wp\/v2\/posts\/1238\/revisions\/1361"}],"wp:attachment":[{"href":"http:\/\/www.esquinautico.cl\/index.php?rest_route=%2Fwp%2Fv2%2Fmedia&parent=1238"}],"wp:term":[{"taxonomy":"category","embeddable":true,"href":"http:\/\/www.esquinautico.cl\/index.php?rest_route=%2Fwp%2Fv2%2Fcategories&post=1238"},{"taxonomy":"post_tag","embeddable":true,"href":"http:\/\/www.esquinautico.cl\/index.php?rest_route=%2Fwp%2Fv2%2Ftags&post=1238"}],"curies":[{"name":"wp","href":"https:\/\/api.w.org\/{rel}","templated":true}]}}