{"id":1404,"date":"2011-09-22T17:49:23","date_gmt":"2011-09-22T17:49:23","guid":{"rendered":"http:\/\/www.esquinautico.cl\/?p=1404"},"modified":"2011-09-22T20:02:34","modified_gmt":"2011-09-22T20:02:34","slug":"toti-prepara-su-debut-en-la-world-cup-de-china","status":"publish","type":"post","link":"http:\/\/www.esquinautico.cl\/?p=1404","title":{"rendered":"TOTI PREPARA SU DEBUT EN LA WORLD CUP DE CHINA"},"content":{"rendered":"<p><a href=\"http:\/\/www.esquinautico.cl\/wp-content\/uploads\/2011\/09\/Lin-B-Ramp.jpg\"><img loading=\"lazy\" class=\"alignleft size-medium wp-image-1405\" title=\"Lin-B-Ramp\" src=\"http:\/\/www.esquinautico.cl\/wp-content\/uploads\/2011\/09\/Lin-B-Ramp-300x150.jpg\" alt=\"\" width=\"300\" height=\"150\" srcset=\"http:\/\/www.esquinautico.cl\/wp-content\/uploads\/2011\/09\/Lin-B-Ramp-300x150.jpg 300w, http:\/\/www.esquinautico.cl\/wp-content\/uploads\/2011\/09\/Lin-B-Ramp.jpg 600w\" sizes=\"(max-width: 300px) 100vw, 300px\" \/><\/a>Su primera jornada de pr\u00e1ctica en las aguas del r\u00edo Yihi realiz\u00f3 hoy el campe\u00f3n chileno Rodrigo Miranda, quien debutar\u00e1 este s\u00e1bado (viernes de Chile) en la Copa del Mundo de Salto de China.<\/p>\n<p>Cielos claros y azules y una temperatura promedio de 22\u00ba C acompa\u00f1aron el primer contacto de los atletas con la pista de Linyi, que con su mejor cara recibir\u00e1 la competencia que arrancar\u00e1 este viernes en la naci\u00f3n asi\u00e1tica.<\/p>\n<p>Sobre sus expectativas en el certamen planetario, Toti sostuvo \u201cLlego bien y con la ilusi\u00f3n de sumar puntos para conservar mi sexto lugar en el Ranking Elite. Ser\u00e1, como todos los eventos de la temporada, un campeonato muy exigente y habr\u00e1 que dar lo mejor\u201d<\/p>\n<p><strong>PROGRAMA DE LA COMPETENCIA<\/strong><\/p>\n<p>Importante: En Linyi hay 11 horas m\u00e1s en relaci\u00f3n a Chile<\/p>\n<p><strong>JUEVES \u2013 Sept 22<\/strong><br \/>\n10.00-16.30 \/ Practice<\/p>\n<p><strong>VIERNES \u2013 Sept 23<\/strong><br \/>\n08.00-10.00 \/ Jump Practice<br \/>\n10.30-11.30 \/ Opening Ceremony<br \/>\n13.00-14.20 \/ Wakeboard Women Semi Finals<br \/>\n14.30-17.18 \/ Wakeboard Men Quarter Finals<\/p>\n<p><strong>S\u00c1BADO \u2013 Sept 24<\/strong><br \/>\n09.00-10.28 \/ Wakeboard Men LCQ<br \/>\n10.38-11.50 \/ Jump Men Semi Finals<br \/>\n13.30-14.42 \/ Jump Women Semi Finals<br \/>\n14.52-15.40 \/ Wakeboard Women LCQ<br \/>\n15.50-15.26 \/ Wakeboard Men Semi Finals<\/p>\n<p><strong>DOMINGO \u2013 Sept 25<\/strong><br \/>\n09.00-09.32 \/ Jump Women Finals<br \/>\n09.42-10.30 \/ Jump Men Finals<br \/>\n10.40-11.28 \/ Wakeboard Women Finals<br \/>\n11.38-12.26 \/ Wakeboard Men Finals<br \/>\n12.30-13.00 \/ World Cup Awards Ceremony<\/p>\n<p><a href=\"http:\/\/www.waterskiandwakeboardworldcup.com\/\"><strong>WEB OFICIAL DE LA COMPETENCIA<\/strong><\/a><\/p>\n","protected":false},"excerpt":{"rendered":"<p>Su primera jornada de pr\u00e1ctica en las aguas del r\u00edo Yihi realiz\u00f3 hoy el campe\u00f3n chileno Rodrigo Miranda, quien debutar\u00e1<\/p>\n","protected":false},"author":2,"featured_media":0,"comment_status":"closed","ping_status":"open","sticky":false,"template":"","format":"standard","meta":[],"categories":[3],"tags":[],"_links":{"self":[{"href":"http:\/\/www.esquinautico.cl\/index.php?rest_route=\/wp\/v2\/posts\/1404"}],"collection":[{"href":"http:\/\/www.esquinautico.cl\/index.php?rest_route=\/wp\/v2\/posts"}],"about":[{"href":"http:\/\/www.esquinautico.cl\/index.php?rest_route=\/wp\/v2\/types\/post"}],"author":[{"embeddable":true,"href":"http:\/\/www.esquinautico.cl\/index.php?rest_route=\/wp\/v2\/users\/2"}],"replies":[{"embeddable":true,"href":"http:\/\/www.esquinautico.cl\/index.php?rest_route=%2Fwp%2Fv2%2Fcomments&post=1404"}],"version-history":[{"count":9,"href":"http:\/\/www.esquinautico.cl\/index.php?rest_route=\/wp\/v2\/posts\/1404\/revisions"}],"predecessor-version":[{"id":1415,"href":"http:\/\/www.esquinautico.cl\/index.php?rest_route=\/wp\/v2\/posts\/1404\/revisions\/1415"}],"wp:attachment":[{"href":"http:\/\/www.esquinautico.cl\/index.php?rest_route=%2Fwp%2Fv2%2Fmedia&parent=1404"}],"wp:term":[{"taxonomy":"category","embeddable":true,"href":"http:\/\/www.esquinautico.cl\/index.php?rest_route=%2Fwp%2Fv2%2Fcategories&post=1404"},{"taxonomy":"post_tag","embeddable":true,"href":"http:\/\/www.esquinautico.cl\/index.php?rest_route=%2Fwp%2Fv2%2Ftags&post=1404"}],"curies":[{"name":"wp","href":"https:\/\/api.w.org\/{rel}","templated":true}]}}