{"id":1423,"date":"2011-09-24T15:38:47","date_gmt":"2011-09-24T15:38:47","guid":{"rendered":"http:\/\/www.esquinautico.cl\/?p=1423"},"modified":"2011-09-24T15:38:47","modified_gmt":"2011-09-24T15:38:47","slug":"toti-miranda-clasifica-a-la-final-de-la-copa-del-mundo-de-china","status":"publish","type":"post","link":"http:\/\/www.esquinautico.cl\/?p=1423","title":{"rendered":"TOTI MIRANDA CLASIFICA A LA FINAL DE LA COPA DEL MUNDO DE CHINA"},"content":{"rendered":"<p><a href=\"http:\/\/www.esquinautico.cl\/wp-content\/uploads\/2011\/09\/tmi.jpg\"><img loading=\"lazy\" class=\"alignleft size-medium wp-image-1424\" title=\"tmi\" src=\"http:\/\/www.esquinautico.cl\/wp-content\/uploads\/2011\/09\/tmi-300x150.jpg\" alt=\"\" width=\"300\" height=\"150\" srcset=\"http:\/\/www.esquinautico.cl\/wp-content\/uploads\/2011\/09\/tmi-300x150.jpg 300w, http:\/\/www.esquinautico.cl\/wp-content\/uploads\/2011\/09\/tmi.jpg 600w\" sizes=\"(max-width: 300px) 100vw, 300px\" \/><\/a>Por segunda vez en su carrera, el campe\u00f3n chileno de salto Rodrigo \u201cToti\u201d Miranda accedi\u00f3 a una final en una Copa del Mundo luego que esta madrugada alcanzara el quinto puesto en la eliminatoria de la World Cup de China.<\/p>\n<p>Un mejor brinco de 59,8 metros le dio los boletos para la definici\u00f3n al chileno, que sigue firme en su lucha por asegurar un cupo para clasificar al US Masters 2012 y elevar nivel de cara a los Juegos Panamericanos de Guadalajara.<\/p>\n<p>\u201cMe siento muy bien porque logr\u00e9 la primera parte de mi meta que era clasificar. Espero esquiar m\u00e1s relajado en la final y as\u00ed intentar subir un poco m\u00e1s mi marca\u201d dijo desde Linyi el seleccionado nacional.<\/p>\n<p>\u201cToti\u201d se mostr\u00f3 muy esperanzado en aumentar su marca y as\u00ed escalar posiciones en la competencia china \u201cTengo tres nuevas oportunidades en la final\u00a0 y tengo claro lo que tengo que hacer para mejorar\u201d sostuvo el medallista mundial open 2011.<br \/>\nEn el primer lugar de esta fase eliminatoria avanz\u00f3 el l\u00edder del ranking planetario el estadounidense Freddy Krueger, con un mejor salto de 64.3 metros. Lo escoltaron sus compatriotas Zack Worden con 64.1 y Scot Ellis con 61.7; el brit\u00e1nico Thomas Asher con 60.7; \u201cToti\u2019\u2019 Miranda con 59.8 y el tambi\u00e9n ingl\u00e9s Stephen Critchley con 59.6.<\/p>\n<p>La gran final de la competencia planetaria se disputar\u00e1 a partir de las 9:42 de ma\u00f1ana domingo en China, es decir, desde las 20:42 de hoy s\u00e1bado en Chile.<\/p>\n<p><strong>RONDA CLASIFICATORIA<\/strong> (Clasificaron a la final los primeros seis)<\/p>\n<p>1\u00ba \/ USA \/ Freddy Krueger \/ 64.3 metros<br \/>\n2\u00ba \/ USA \/ Zack Worden \/ 64.1<br \/>\n3\u00ba \/ USA \/ Scot Ellis \/ 61.7<br \/>\n4\u00ba \/ GBR \/ Thomas Asher \/ 60.7<br \/>\n<strong>5\u00ba \/ CHI \/ Rodrigo Miranda \/ 59.8<\/strong><br \/>\n6\u00ba \/ GBR \/ Stephen Critchley \/ 59.6<\/p>\n<p>7\u00ba \/ USA \/ Brian Kinney \/ 57.9<br \/>\n8\u00ba \/ GBR \/ Damien Sherman \/ 57.1<br \/>\n9\u00ba \/ USA \/ Mark Lane \/ 56.7<\/p>\n","protected":false},"excerpt":{"rendered":"<p>Por segunda vez en su carrera, el campe\u00f3n chileno de salto Rodrigo \u201cToti\u201d Miranda accedi\u00f3 a una final en una<\/p>\n","protected":false},"author":2,"featured_media":0,"comment_status":"closed","ping_status":"open","sticky":false,"template":"","format":"standard","meta":[],"categories":[3],"tags":[],"_links":{"self":[{"href":"http:\/\/www.esquinautico.cl\/index.php?rest_route=\/wp\/v2\/posts\/1423"}],"collection":[{"href":"http:\/\/www.esquinautico.cl\/index.php?rest_route=\/wp\/v2\/posts"}],"about":[{"href":"http:\/\/www.esquinautico.cl\/index.php?rest_route=\/wp\/v2\/types\/post"}],"author":[{"embeddable":true,"href":"http:\/\/www.esquinautico.cl\/index.php?rest_route=\/wp\/v2\/users\/2"}],"replies":[{"embeddable":true,"href":"http:\/\/www.esquinautico.cl\/index.php?rest_route=%2Fwp%2Fv2%2Fcomments&post=1423"}],"version-history":[{"count":1,"href":"http:\/\/www.esquinautico.cl\/index.php?rest_route=\/wp\/v2\/posts\/1423\/revisions"}],"predecessor-version":[{"id":1425,"href":"http:\/\/www.esquinautico.cl\/index.php?rest_route=\/wp\/v2\/posts\/1423\/revisions\/1425"}],"wp:attachment":[{"href":"http:\/\/www.esquinautico.cl\/index.php?rest_route=%2Fwp%2Fv2%2Fmedia&parent=1423"}],"wp:term":[{"taxonomy":"category","embeddable":true,"href":"http:\/\/www.esquinautico.cl\/index.php?rest_route=%2Fwp%2Fv2%2Fcategories&post=1423"},{"taxonomy":"post_tag","embeddable":true,"href":"http:\/\/www.esquinautico.cl\/index.php?rest_route=%2Fwp%2Fv2%2Ftags&post=1423"}],"curies":[{"name":"wp","href":"https:\/\/api.w.org\/{rel}","templated":true}]}}