{"id":1442,"date":"2011-09-27T16:09:10","date_gmt":"2011-09-27T16:09:10","guid":{"rendered":"http:\/\/www.esquinautico.cl\/?p=1442"},"modified":"2011-09-27T16:09:10","modified_gmt":"2011-09-27T16:09:10","slug":"toti-miranda-sube-al-5%c2%ba-lugar-del-ranking-elite","status":"publish","type":"post","link":"http:\/\/www.esquinautico.cl\/?p=1442","title":{"rendered":"TOTI MIRANDA SUBE AL 5\u00ba LUGAR DEL RANKING ELITE"},"content":{"rendered":"<p><a href=\"http:\/\/www.esquinautico.cl\/wp-content\/uploads\/2011\/09\/DSC_3698.jpg\"><img loading=\"lazy\" class=\"alignleft size-medium wp-image-1443\" title=\"DSC_3698\" src=\"http:\/\/www.esquinautico.cl\/wp-content\/uploads\/2011\/09\/DSC_3698-300x150.jpg\" alt=\"\" width=\"300\" height=\"150\" srcset=\"http:\/\/www.esquinautico.cl\/wp-content\/uploads\/2011\/09\/DSC_3698-300x150.jpg 300w, http:\/\/www.esquinautico.cl\/wp-content\/uploads\/2011\/09\/DSC_3698.jpg 600w\" sizes=\"(max-width: 300px) 100vw, 300px\" \/><\/a>Su mejor ubicaci\u00f3n hist\u00f3rica en el Ranking Elite alcanz\u00f3 este lunes el seleccionado nacional Rodrigo Miranda, quien apareci\u00f3 ocupando el quinto lugar en la clasificaci\u00f3n planetaria de salto.<\/p>\n<p>El sexto lugar que obtuvo en la final de la Wolrd Cup de China le vali\u00f3 al medallista panamericano escalar una posici\u00f3n en el escalaf\u00f3n que determinar\u00e1 en los pr\u00f3ximos d\u00edas los seis esquiadores que competir\u00e1n el pr\u00f3ximo a\u00f1o en el US Masters.<\/p>\n<p>\u201cMatem\u00e1ticamente es muy dif\u00edcil que baje del sexto lugar, pero mientras no termine la temporada no hay nada claro sobre la clasificaci\u00f3n al Masters\u201d dijo desde China el campe\u00f3n chileno.<\/p>\n<p><strong>EL 2011 DE TOTI MIRANDA<\/strong><\/p>\n<table border=\"1\" cellspacing=\"0\" cellpadding=\"0\">\n<tbody>\n<tr>\n<td valign=\"top\" width=\"103\">Fecha<\/td>\n<td valign=\"top\" width=\"180\">Torneo<\/td>\n<td valign=\"top\" width=\"139\">Lugar<\/td>\n<td valign=\"top\" width=\"71\">Marca<\/td>\n<td valign=\"top\" width=\"88\">Posici\u00f3n<\/td>\n<\/tr>\n<tr>\n<td valign=\"top\" width=\"103\">13 marzo<\/td>\n<td valign=\"top\" width=\"180\">Moomba Masters<\/td>\n<td valign=\"top\" width=\"139\">Melbourne, Australia<\/td>\n<td valign=\"top\" width=\"71\">65,5<\/td>\n<td valign=\"top\" width=\"88\">semifinal<\/td>\n<\/tr>\n<tr>\n<td valign=\"top\" width=\"103\">14 marzo<\/td>\n<td valign=\"top\" width=\"180\">Moomba Masters<\/td>\n<td valign=\"top\" width=\"139\">Melbourne, Australia<\/td>\n<td valign=\"top\" width=\"71\">63.0<\/td>\n<td valign=\"top\" width=\"88\">6\u00ba<\/td>\n<\/tr>\n<tr>\n<td valign=\"top\" width=\"103\">23 mayo<\/td>\n<td valign=\"top\" width=\"180\">Clasificatorio Masters 2011<\/td>\n<td valign=\"top\" width=\"139\">Florida, USA<\/td>\n<td valign=\"top\" width=\"71\">64,4<\/td>\n<td valign=\"top\" width=\"88\">&nbsp;<\/td>\n<\/tr>\n<tr>\n<td valign=\"top\" width=\"103\">24 junio<\/td>\n<td valign=\"top\" width=\"180\">Open de Sacramento<\/td>\n<td valign=\"top\" width=\"139\">Sacramento, USA<\/td>\n<td valign=\"top\" width=\"71\">66,1<\/td>\n<td valign=\"top\" width=\"88\">&nbsp;<\/td>\n<\/tr>\n<tr>\n<td valign=\"top\" width=\"103\">11 Julio<\/td>\n<td valign=\"top\" width=\"180\">Gloval Invitational<\/td>\n<td valign=\"top\" width=\"139\">Michigan, USA<\/td>\n<td valign=\"top\" width=\"71\">65,2<\/td>\n<td valign=\"top\" width=\"88\">semifinal<\/td>\n<\/tr>\n<tr>\n<td valign=\"top\" width=\"103\">12 Julio<\/td>\n<td valign=\"top\" width=\"180\">Gloval Invitational<\/td>\n<td valign=\"top\" width=\"139\">Michigan, USA<\/td>\n<td valign=\"top\" width=\"71\">64,7<\/td>\n<td valign=\"top\" width=\"88\">6\u00ba<\/td>\n<\/tr>\n<tr>\n<td valign=\"top\" width=\"103\">21 julio<\/td>\n<td valign=\"top\" width=\"180\">Mundial Open<\/td>\n<td valign=\"top\" width=\"139\">Dubna, Rusia<\/td>\n<td valign=\"top\" width=\"71\">63,6<\/td>\n<td valign=\"top\" width=\"88\">semifinal<\/td>\n<\/tr>\n<tr>\n<td valign=\"top\" width=\"103\">24 julio<\/td>\n<td valign=\"top\" width=\"180\">Mundial Open<\/td>\n<td valign=\"top\" width=\"139\">Dubna, Rusia<\/td>\n<td valign=\"top\" width=\"71\">66,0<\/td>\n<td valign=\"top\" width=\"88\">3\u00ba<\/td>\n<\/tr>\n<tr>\n<td valign=\"top\" width=\"103\">8 agosto<\/td>\n<td valign=\"top\" width=\"180\">Malib\u00fa Open<\/td>\n<td valign=\"top\" width=\"139\">Wisconsin, USA<\/td>\n<td valign=\"top\" width=\"71\">64,3<\/td>\n<td valign=\"top\" width=\"88\">3\u00ba<\/td>\n<\/tr>\n<tr>\n<td valign=\"top\" width=\"103\">28 agosto<\/td>\n<td valign=\"top\" width=\"180\">London Night Jump<\/td>\n<td valign=\"top\" width=\"139\">Londres, Inglaterra<\/td>\n<td valign=\"top\" width=\"71\">59,9<\/td>\n<td valign=\"top\" width=\"88\">clasificatoria<\/td>\n<\/tr>\n<tr>\n<td valign=\"top\" width=\"103\">3 septiembre<\/td>\n<td valign=\"top\" width=\"180\">Open de Madrid<\/td>\n<td valign=\"top\" width=\"139\">Madrid, Espa\u00f1a<\/td>\n<td valign=\"top\" width=\"71\">60,2<\/td>\n<td valign=\"top\" width=\"88\">8\u00ba<\/td>\n<\/tr>\n<tr>\n<td valign=\"top\" width=\"103\">24 septiembre<\/td>\n<td valign=\"top\" width=\"180\">World Cup<\/td>\n<td valign=\"top\" width=\"139\">Linyi, China<\/td>\n<td valign=\"top\" width=\"71\">59,8<\/td>\n<td valign=\"top\" width=\"88\">semifinal<\/td>\n<\/tr>\n<tr>\n<td valign=\"top\" width=\"103\">25 septiembre<\/td>\n<td valign=\"top\" width=\"180\">World Cup<\/td>\n<td valign=\"top\" width=\"139\">Linyi, China<\/td>\n<td valign=\"top\" width=\"71\">58,9<\/td>\n<td valign=\"top\" width=\"88\">6\u00ba<\/td>\n<\/tr>\n<\/tbody>\n<\/table>\n","protected":false},"excerpt":{"rendered":"<p>Su mejor ubicaci\u00f3n hist\u00f3rica en el Ranking Elite alcanz\u00f3 este lunes el seleccionado nacional Rodrigo Miranda, quien apareci\u00f3 ocupando el<\/p>\n","protected":false},"author":2,"featured_media":0,"comment_status":"closed","ping_status":"open","sticky":false,"template":"","format":"standard","meta":[],"categories":[3],"tags":[],"_links":{"self":[{"href":"http:\/\/www.esquinautico.cl\/index.php?rest_route=\/wp\/v2\/posts\/1442"}],"collection":[{"href":"http:\/\/www.esquinautico.cl\/index.php?rest_route=\/wp\/v2\/posts"}],"about":[{"href":"http:\/\/www.esquinautico.cl\/index.php?rest_route=\/wp\/v2\/types\/post"}],"author":[{"embeddable":true,"href":"http:\/\/www.esquinautico.cl\/index.php?rest_route=\/wp\/v2\/users\/2"}],"replies":[{"embeddable":true,"href":"http:\/\/www.esquinautico.cl\/index.php?rest_route=%2Fwp%2Fv2%2Fcomments&post=1442"}],"version-history":[{"count":1,"href":"http:\/\/www.esquinautico.cl\/index.php?rest_route=\/wp\/v2\/posts\/1442\/revisions"}],"predecessor-version":[{"id":1444,"href":"http:\/\/www.esquinautico.cl\/index.php?rest_route=\/wp\/v2\/posts\/1442\/revisions\/1444"}],"wp:attachment":[{"href":"http:\/\/www.esquinautico.cl\/index.php?rest_route=%2Fwp%2Fv2%2Fmedia&parent=1442"}],"wp:term":[{"taxonomy":"category","embeddable":true,"href":"http:\/\/www.esquinautico.cl\/index.php?rest_route=%2Fwp%2Fv2%2Fcategories&post=1442"},{"taxonomy":"post_tag","embeddable":true,"href":"http:\/\/www.esquinautico.cl\/index.php?rest_route=%2Fwp%2Fv2%2Ftags&post=1442"}],"curies":[{"name":"wp","href":"https:\/\/api.w.org\/{rel}","templated":true}]}}