{"id":1447,"date":"2011-10-03T16:57:30","date_gmt":"2011-10-03T16:57:30","guid":{"rendered":"http:\/\/www.esquinautico.cl\/?p=1447"},"modified":"2011-10-03T16:57:30","modified_gmt":"2011-10-03T16:57:30","slug":"chile-ya-entrena-en-guadalajara","status":"publish","type":"post","link":"http:\/\/www.esquinautico.cl\/?p=1447","title":{"rendered":"CHILE YA ENTRENA EN GUADALAJARA"},"content":{"rendered":"<p><a href=\"http:\/\/www.esquinautico.cl\/wp-content\/uploads\/2011\/10\/MG_0459.jpg\"><img loading=\"lazy\" class=\"alignleft size-medium wp-image-1448\" title=\"_MG_0459\" src=\"http:\/\/www.esquinautico.cl\/wp-content\/uploads\/2011\/10\/MG_0459-300x150.jpg\" alt=\"\" width=\"300\" height=\"150\" srcset=\"http:\/\/www.esquinautico.cl\/wp-content\/uploads\/2011\/10\/MG_0459-300x150.jpg 300w, http:\/\/www.esquinautico.cl\/wp-content\/uploads\/2011\/10\/MG_0459.jpg 600w\" sizes=\"(max-width: 300px) 100vw, 300px\" \/><\/a>Su primera semana de pr\u00e1cticas en Guadalajara complet\u00f3 hoy la selecci\u00f3n nacional de esqu\u00ed n\u00e1utico, que el pr\u00f3ximo jueves 20 de octubre iniciar\u00e1 su participaci\u00f3n en los Juegos Panamericanos 2011. <strong>Foto: Tiare Miranda<\/strong><\/p>\n<p>Los hermanos Tiare, Felipe y Rodrigo Miranda y Nicole Naser ya han conocido en detalle las bondades del lago Boca Laguna, el escenario artificial ubicado a un costado del lago Chapala que recibir\u00e1 la competencia continental.<\/p>\n<p>\u201cLas instalaciones y el clima son estupendos. El sol pega muy fuerte, porque ac\u00e1 es muy seco y la temperatura sube aproximadamente a los 28 grados\u201d dijo desde Guadalajara el seleccionado nacional Felipe Miranda.<\/p>\n<p>Sobre las condiciones de competencia, Pipe adelant\u00f3 que \u201cAc\u00e1 estamos a unos 1.500 metros de altitud, lo que afecta el desempe\u00f1o de la lancha, debido a la falta de ox\u00edgeno. Nosotros hemos entrenado con baja potencia para ir asimilando el cambio que se vivir\u00e1 en los Juegos, donde claramente la lancha oficial tendr\u00e1 mayor potencia\u201d sostuvo el ex campe\u00f3n mundial juvenil y sub21.<\/p>\n<p>Con respecto a su nivel personal, el campe\u00f3n chileno se mostr\u00f3 muy optimista \u201cSe me est\u00e1n dando las cosas como yo quer\u00eda. He entrenado harto y f\u00edsicamente me siento en un excelente momento. No he sentido cansancio y eso es muy bueno. Estoy saltando muy bien, lo que me alegra bastante pues justamente salto ha sido la prueba m\u00e1s baja que he tenido en el a\u00f1o. En resumen, creo que voy a llegar en uno de mis mejores niveles en toda mi carrera\u201d concluy\u00f3 el seleccionado chileno que en R\u00edo 2007 obtuvo medalla de bronce en slalom.<\/p>\n<p><strong>DESCARGAR:<\/strong><\/p>\n<p><strong><a href=\"http:\/\/www.esquinautico.cl\/wp-content\/uploads\/2011\/10\/PROGRAMA-JUEGOS-PANAMERICANOS-2011.pdf\">PROGRAMA JUEGOS PANAMERICANOS 2011<\/a><\/strong><\/p>\n","protected":false},"excerpt":{"rendered":"<p>Su primera semana de pr\u00e1cticas en Guadalajara complet\u00f3 hoy la selecci\u00f3n nacional de esqu\u00ed n\u00e1utico, que el pr\u00f3ximo jueves 20<\/p>\n","protected":false},"author":2,"featured_media":0,"comment_status":"closed","ping_status":"open","sticky":false,"template":"","format":"standard","meta":[],"categories":[3],"tags":[],"_links":{"self":[{"href":"http:\/\/www.esquinautico.cl\/index.php?rest_route=\/wp\/v2\/posts\/1447"}],"collection":[{"href":"http:\/\/www.esquinautico.cl\/index.php?rest_route=\/wp\/v2\/posts"}],"about":[{"href":"http:\/\/www.esquinautico.cl\/index.php?rest_route=\/wp\/v2\/types\/post"}],"author":[{"embeddable":true,"href":"http:\/\/www.esquinautico.cl\/index.php?rest_route=\/wp\/v2\/users\/2"}],"replies":[{"embeddable":true,"href":"http:\/\/www.esquinautico.cl\/index.php?rest_route=%2Fwp%2Fv2%2Fcomments&post=1447"}],"version-history":[{"count":1,"href":"http:\/\/www.esquinautico.cl\/index.php?rest_route=\/wp\/v2\/posts\/1447\/revisions"}],"predecessor-version":[{"id":1450,"href":"http:\/\/www.esquinautico.cl\/index.php?rest_route=\/wp\/v2\/posts\/1447\/revisions\/1450"}],"wp:attachment":[{"href":"http:\/\/www.esquinautico.cl\/index.php?rest_route=%2Fwp%2Fv2%2Fmedia&parent=1447"}],"wp:term":[{"taxonomy":"category","embeddable":true,"href":"http:\/\/www.esquinautico.cl\/index.php?rest_route=%2Fwp%2Fv2%2Fcategories&post=1447"},{"taxonomy":"post_tag","embeddable":true,"href":"http:\/\/www.esquinautico.cl\/index.php?rest_route=%2Fwp%2Fv2%2Ftags&post=1447"}],"curies":[{"name":"wp","href":"https:\/\/api.w.org\/{rel}","templated":true}]}}