{"id":1461,"date":"2011-10-11T17:41:52","date_gmt":"2011-10-11T17:41:52","guid":{"rendered":"http:\/\/www.esquinautico.cl\/?p=1461"},"modified":"2011-10-11T17:46:33","modified_gmt":"2011-10-11T17:46:33","slug":"guadalajara-2011-programacion-de-competencia","status":"publish","type":"post","link":"http:\/\/www.esquinautico.cl\/?p=1461","title":{"rendered":"GUADALAJARA 2011: PROGRAMACI\u00d3N DE COMPETENCIA"},"content":{"rendered":"<p><strong>Comit\u00e9 Organizador Local dio a conocer el programa de la competencia del esqu\u00ed n\u00e1utico en los Juegos Panamericanos<\/strong><\/p>\n<p><a href=\"http:\/\/www.esquinautico.cl\/wp-content\/uploads\/2011\/10\/guadalajara.jpg\"><img loading=\"lazy\" class=\"alignleft size-medium wp-image-1462\" title=\"guadalajara\" src=\"http:\/\/www.esquinautico.cl\/wp-content\/uploads\/2011\/10\/guadalajara-300x150.jpg\" alt=\"\" width=\"300\" height=\"150\" srcset=\"http:\/\/www.esquinautico.cl\/wp-content\/uploads\/2011\/10\/guadalajara-300x150.jpg 300w, http:\/\/www.esquinautico.cl\/wp-content\/uploads\/2011\/10\/guadalajara.jpg 600w\" sizes=\"(max-width: 300px) 100vw, 300px\" \/><\/a><\/p>\n<p>Dos d\u00edas de eliminatorias y dos jornadas de finales ofrece el calendario de competencia de los Juegos Panamericanos de Guadalajara 2011. <em><strong>Fotos: Tiare Miranda<\/strong><\/em><\/p>\n<p>La actividad en Boca Laguna arrancar\u00e1 el jueves 20 de octubre con las eliminatorias de figuras. El viernes 21, en tanto, finalizar\u00e1n las clasificatorias con slalom y salto.<\/p>\n<p>Las primeras medallas continentales se repartir\u00e1n el s\u00e1bado 22 cuando se disputen las finales de las tres especialidades: figuras, slalom y salto.<\/p>\n<p>El domingo 23, en tanto, todo concluir\u00e1 con la realizaci\u00f3n de las finales del overall, en un programa muy parecido al de la jornada anterior.<\/p>\n<p><strong>PROGRAMA<\/strong><\/p>\n<p><strong>Jueves 20<\/strong> \/ Eliminatoria figuras<br \/>\n<strong>Viernes 21<\/strong> \/ Eliminatoria slalom y salto<br \/>\n<strong>S\u00e1bado 22<\/strong> \/ Finales figuras, slalom y salto<br \/>\n<strong>Domingo 23<\/strong> \/ Finales del overall<\/p>\n","protected":false},"excerpt":{"rendered":"<p>Comit\u00e9 Organizador Local dio a conocer el programa de la competencia del esqu\u00ed n\u00e1utico en los Juegos Panamericanos Dos d\u00edas<\/p>\n","protected":false},"author":2,"featured_media":0,"comment_status":"closed","ping_status":"open","sticky":false,"template":"","format":"standard","meta":[],"categories":[3],"tags":[],"_links":{"self":[{"href":"http:\/\/www.esquinautico.cl\/index.php?rest_route=\/wp\/v2\/posts\/1461"}],"collection":[{"href":"http:\/\/www.esquinautico.cl\/index.php?rest_route=\/wp\/v2\/posts"}],"about":[{"href":"http:\/\/www.esquinautico.cl\/index.php?rest_route=\/wp\/v2\/types\/post"}],"author":[{"embeddable":true,"href":"http:\/\/www.esquinautico.cl\/index.php?rest_route=\/wp\/v2\/users\/2"}],"replies":[{"embeddable":true,"href":"http:\/\/www.esquinautico.cl\/index.php?rest_route=%2Fwp%2Fv2%2Fcomments&post=1461"}],"version-history":[{"count":4,"href":"http:\/\/www.esquinautico.cl\/index.php?rest_route=\/wp\/v2\/posts\/1461\/revisions"}],"predecessor-version":[{"id":1466,"href":"http:\/\/www.esquinautico.cl\/index.php?rest_route=\/wp\/v2\/posts\/1461\/revisions\/1466"}],"wp:attachment":[{"href":"http:\/\/www.esquinautico.cl\/index.php?rest_route=%2Fwp%2Fv2%2Fmedia&parent=1461"}],"wp:term":[{"taxonomy":"category","embeddable":true,"href":"http:\/\/www.esquinautico.cl\/index.php?rest_route=%2Fwp%2Fv2%2Fcategories&post=1461"},{"taxonomy":"post_tag","embeddable":true,"href":"http:\/\/www.esquinautico.cl\/index.php?rest_route=%2Fwp%2Fv2%2Ftags&post=1461"}],"curies":[{"name":"wp","href":"https:\/\/api.w.org\/{rel}","templated":true}]}}