{"id":9881,"date":"2021-10-04T15:34:08","date_gmt":"2021-10-04T15:34:08","guid":{"rendered":"http:\/\/www.esquinautico.cl\/?p=9881"},"modified":"2021-10-04T15:34:08","modified_gmt":"2021-10-04T15:34:08","slug":"iwwf-oficializa-record-mundial-de-tincho-labra","status":"publish","type":"post","link":"http:\/\/www.esquinautico.cl\/?p=9881","title":{"rendered":"IWWF OFICIALIZA R\u00c9CORD MUNDIAL DE \u00abTINCHO\u00bb LABRA"},"content":{"rendered":"\n<p>La Federaci\u00f3n Internacional de Esqu\u00ed N\u00e1utico y Wakeboard (IWWF) oficializ\u00f3 el domingo 3 de octubre el r\u00e9cord mundial del overall U17 que Mart\u00edn Labra impuso en su actuaci\u00f3n en el Campeonato Mundial de la categor\u00eda, disputado en Estados Unidos.<\/p>\n\n\n\n<p>El esquiador chileno, que en ese torneo se qued\u00f3 con la medalla de oro en las finales de figuras y overall, logr\u00f3 en la ronda eliminatoria una marca acumulada de 2.556, tras realizar pasadas de 10.660 en figuras, 2,5 boyas a 11,25 metros en slalom y 54.10 metros en salto.<\/p>\n\n\n\n<p>\u00abMe puso muy contento esta noticia. Sab\u00eda que hab\u00eda hecho la marca pero hab\u00eda que esperar a que la hicieran oficial. La marca es muy buena, pero a\u00fan puede ser mejor. Ojal\u00e1 la pueda volver a batir\u00bb dijo el doble campe\u00f3n mundial desde Estados Unidos.<\/p>\n\n\n\n<figure class=\"wp-block-image\"><img loading=\"lazy\" width=\"1024\" height=\"1024\" src=\"http:\/\/www.esquinautico.cl\/wp-content\/uploads\/2021\/10\/TINC-1024x1024.jpg\" alt=\"\" class=\"wp-image-9883\" srcset=\"http:\/\/www.esquinautico.cl\/wp-content\/uploads\/2021\/10\/TINC-1024x1024.jpg 1024w, http:\/\/www.esquinautico.cl\/wp-content\/uploads\/2021\/10\/TINC-150x150.jpg 150w, http:\/\/www.esquinautico.cl\/wp-content\/uploads\/2021\/10\/TINC-300x300.jpg 300w, http:\/\/www.esquinautico.cl\/wp-content\/uploads\/2021\/10\/TINC-768x768.jpg 768w, http:\/\/www.esquinautico.cl\/wp-content\/uploads\/2021\/10\/TINC.jpg 1839w\" sizes=\"(max-width: 1024px) 100vw, 1024px\" \/><\/figure>\n\n\n\n<p><strong>UN TRIUNFO Y AL MUNDIAL<\/strong><\/p>\n\n\n\n<p>Junto con conocer la noticia de su r\u00e9cord mundial, Mart\u00edn Labra volvi\u00f3 a la competencia este fin de semana en el Malibu Open, certamen en el que logr\u00f3 imponerse en la final junior de salto.<\/p>\n\n\n\n<p>Tras esta actuaci\u00f3n el nacional se dirigi\u00f3 desde Carolina del Sur a Orlando, ciudad en que le concretar\u00e1 su segunda participaci\u00f3n en un Campeonato Mundial Open.<\/p>\n\n\n\n<p>En las aguas de Jack Travers, \u00abTincho\u00bb ver\u00e1 acci\u00f3n en los tres eventos y sumar\u00e1 a su curriculum su segundo paso por el m\u00e1ximo evento del esqu\u00ed n\u00e1utico mundial, tras su debut en Malasia 2019.<\/p>\n\n\n\n<p>\u00abLos Mundiales open son los m\u00e1ximos eventos en el esqu\u00ed. Aqu\u00ed se ven los mejores esquiadores de cada una de las disciplinas, por lo que lograr destacar es muy dif\u00edcil. Me encantar\u00eda poder pasar a la final de figuras e intentar ah\u00ed lograr un top 10. Ser\u00eda extraordinario\u00bb. apunt\u00f3 el overollista nacional.<\/p>\n","protected":false},"excerpt":{"rendered":"<p>La Federaci\u00f3n Internacional de Esqu\u00ed N\u00e1utico y Wakeboard (IWWF) oficializ\u00f3 el domingo 3 de octubre el r\u00e9cord mundial del overall<\/p>\n","protected":false},"author":2,"featured_media":9882,"comment_status":"closed","ping_status":"open","sticky":false,"template":"","format":"standard","meta":[],"categories":[1],"tags":[],"_links":{"self":[{"href":"http:\/\/www.esquinautico.cl\/index.php?rest_route=\/wp\/v2\/posts\/9881"}],"collection":[{"href":"http:\/\/www.esquinautico.cl\/index.php?rest_route=\/wp\/v2\/posts"}],"about":[{"href":"http:\/\/www.esquinautico.cl\/index.php?rest_route=\/wp\/v2\/types\/post"}],"author":[{"embeddable":true,"href":"http:\/\/www.esquinautico.cl\/index.php?rest_route=\/wp\/v2\/users\/2"}],"replies":[{"embeddable":true,"href":"http:\/\/www.esquinautico.cl\/index.php?rest_route=%2Fwp%2Fv2%2Fcomments&post=9881"}],"version-history":[{"count":1,"href":"http:\/\/www.esquinautico.cl\/index.php?rest_route=\/wp\/v2\/posts\/9881\/revisions"}],"predecessor-version":[{"id":9884,"href":"http:\/\/www.esquinautico.cl\/index.php?rest_route=\/wp\/v2\/posts\/9881\/revisions\/9884"}],"wp:featuredmedia":[{"embeddable":true,"href":"http:\/\/www.esquinautico.cl\/index.php?rest_route=\/wp\/v2\/media\/9882"}],"wp:attachment":[{"href":"http:\/\/www.esquinautico.cl\/index.php?rest_route=%2Fwp%2Fv2%2Fmedia&parent=9881"}],"wp:term":[{"taxonomy":"category","embeddable":true,"href":"http:\/\/www.esquinautico.cl\/index.php?rest_route=%2Fwp%2Fv2%2Fcategories&post=9881"},{"taxonomy":"post_tag","embeddable":true,"href":"http:\/\/www.esquinautico.cl\/index.php?rest_route=%2Fwp%2Fv2%2Ftags&post=9881"}],"curies":[{"name":"wp","href":"https:\/\/api.w.org\/{rel}","templated":true}]}}