{"id":9960,"date":"2021-11-08T21:20:10","date_gmt":"2021-11-08T21:20:10","guid":{"rendered":"http:\/\/www.esquinautico.cl\/?p=9960"},"modified":"2021-11-08T21:22:28","modified_gmt":"2021-11-08T21:22:28","slug":"chile-muestra-un-gran-presente-y-futuro-en-el-panam-de-mexico","status":"publish","type":"post","link":"http:\/\/www.esquinautico.cl\/?p=9960","title":{"rendered":"CHILE MUESTRA UN GRAN PRESENTE Y FUTURO EN EL PANAM DE M\u00c9XICO"},"content":{"rendered":"\n<p>Un importante paso adelante en el medallero y la consolidaci\u00f3n de un equipo muy poderoso evidenci\u00f3 Chile en su participaci\u00f3n en el Campeonato Panamericano de Esqu\u00ed N\u00e1utico, que se efectu\u00f3 en las aguas de Chapala, en M\u00e9xico.<\/p>\n\n\n\n<p>Tras dos intensas semanas de competencia y la realizaci\u00f3n de los campeonatos en todos los eventos y en las categor\u00edas U14, U17, U21, Open y Senior, el Team Chile consigui\u00f3 ganar 20 medallas, logrando aumentar en tres preseas la cosecha que hizo en el Panam de 2018, que se realiz\u00f3 en Los Morros.<\/p>\n\n\n\n<p>De las 20 medallas individuales, un total de siete fueron de oro, perteneciendo todos estos atletas a las series U14, U17 y U21, lo que da cuenta del gran nivel de las figuras emergentes del seleccionado chileno. Con dos preseas (salto y overall), Mart\u00edn Labra destaca en un grupo donde tambi\u00e9n brillan los campeones panamericanos Trinidad Espinal (slalom), Dominga Gonz\u00e1lez (slalom), Gustavo Kretschmer (slalom), Valentina Gonz\u00e1lez (slalom) y Mat\u00edas Gonz\u00e1lez (figuras).<\/p>\n\n\n\n<p>Los buenos resultados en el plano individual tambi\u00e9n hicieron destacar al Team Chile en las clasificaciones por equipos con otras cuatro medallas: plata en la clasificaci\u00f3n general por pa\u00edses y en el overall de las categor\u00edas juvenil y U21, adem\u00e1s de un bronce en open.<\/p>\n\n\n\n<figure class=\"wp-block-image\"><img loading=\"lazy\" width=\"875\" height=\"1024\" src=\"http:\/\/www.esquinautico.cl\/wp-content\/uploads\/2021\/11\/MEDALL-PANAM-875x1024.jpg\" alt=\"\" class=\"wp-image-9961\" srcset=\"http:\/\/www.esquinautico.cl\/wp-content\/uploads\/2021\/11\/MEDALL-PANAM-875x1024.jpg 875w, http:\/\/www.esquinautico.cl\/wp-content\/uploads\/2021\/11\/MEDALL-PANAM-256x300.jpg 256w, http:\/\/www.esquinautico.cl\/wp-content\/uploads\/2021\/11\/MEDALL-PANAM-768x899.jpg 768w\" sizes=\"(max-width: 875px) 100vw, 875px\" \/><\/figure>\n\n\n\n<figure class=\"wp-block-image\"><img loading=\"lazy\" width=\"766\" height=\"1024\" src=\"http:\/\/www.esquinautico.cl\/wp-content\/uploads\/2021\/11\/PHOTO-2021-11-07-20-20-42-766x1024.jpg\" alt=\"\" class=\"wp-image-9962\" srcset=\"http:\/\/www.esquinautico.cl\/wp-content\/uploads\/2021\/11\/PHOTO-2021-11-07-20-20-42-766x1024.jpg 766w, http:\/\/www.esquinautico.cl\/wp-content\/uploads\/2021\/11\/PHOTO-2021-11-07-20-20-42-225x300.jpg 225w, http:\/\/www.esquinautico.cl\/wp-content\/uploads\/2021\/11\/PHOTO-2021-11-07-20-20-42-768x1026.jpg 768w, http:\/\/www.esquinautico.cl\/wp-content\/uploads\/2021\/11\/PHOTO-2021-11-07-20-20-42.jpg 958w\" sizes=\"(max-width: 766px) 100vw, 766px\" \/><figcaption>Con dos medallas de oro en individual, Mart\u00edn Labra fue la principal figura del Team Chile.<\/figcaption><\/figure>\n\n\n\n<figure class=\"wp-block-image\"><img loading=\"lazy\" width=\"766\" height=\"1024\" src=\"http:\/\/www.esquinautico.cl\/wp-content\/uploads\/2021\/11\/PHOTO-2021-11-07-19-53-56-766x1024.jpg\" alt=\"\" class=\"wp-image-9963\" srcset=\"http:\/\/www.esquinautico.cl\/wp-content\/uploads\/2021\/11\/PHOTO-2021-11-07-19-53-56-766x1024.jpg 766w, http:\/\/www.esquinautico.cl\/wp-content\/uploads\/2021\/11\/PHOTO-2021-11-07-19-53-56-225x300.jpg 225w, http:\/\/www.esquinautico.cl\/wp-content\/uploads\/2021\/11\/PHOTO-2021-11-07-19-53-56-768x1026.jpg 768w, http:\/\/www.esquinautico.cl\/wp-content\/uploads\/2021\/11\/PHOTO-2021-11-07-19-53-56.jpg 958w\" sizes=\"(max-width: 766px) 100vw, 766px\" \/><figcaption>Con r\u00e9cord panamericano incluido, Mat\u00edas Gonz\u00e1lez se consagr\u00f3 campe\u00f3n panamericano de figuras en U14.<\/figcaption><\/figure>\n\n\n\n<figure class=\"wp-block-image\"><img loading=\"lazy\" width=\"1024\" height=\"768\" src=\"http:\/\/www.esquinautico.cl\/wp-content\/uploads\/2021\/11\/PHOTO-2021-11-06-21-08-22-2-1024x768.jpg\" alt=\"\" class=\"wp-image-9964\" srcset=\"http:\/\/www.esquinautico.cl\/wp-content\/uploads\/2021\/11\/PHOTO-2021-11-06-21-08-22-2.jpg 1024w, http:\/\/www.esquinautico.cl\/wp-content\/uploads\/2021\/11\/PHOTO-2021-11-06-21-08-22-2-300x225.jpg 300w, http:\/\/www.esquinautico.cl\/wp-content\/uploads\/2021\/11\/PHOTO-2021-11-06-21-08-22-2-768x576.jpg 768w\" sizes=\"(max-width: 1024px) 100vw, 1024px\" \/><figcaption>En slalom Chile se subi\u00f3 al podio en siete oportunidades.<\/figcaption><\/figure>\n","protected":false},"excerpt":{"rendered":"<p>Un importante paso adelante en el medallero y la consolidaci\u00f3n de un equipo muy poderoso evidenci\u00f3 Chile en su participaci\u00f3n<\/p>\n","protected":false},"author":2,"featured_media":9965,"comment_status":"closed","ping_status":"open","sticky":false,"template":"","format":"standard","meta":[],"categories":[1],"tags":[],"_links":{"self":[{"href":"http:\/\/www.esquinautico.cl\/index.php?rest_route=\/wp\/v2\/posts\/9960"}],"collection":[{"href":"http:\/\/www.esquinautico.cl\/index.php?rest_route=\/wp\/v2\/posts"}],"about":[{"href":"http:\/\/www.esquinautico.cl\/index.php?rest_route=\/wp\/v2\/types\/post"}],"author":[{"embeddable":true,"href":"http:\/\/www.esquinautico.cl\/index.php?rest_route=\/wp\/v2\/users\/2"}],"replies":[{"embeddable":true,"href":"http:\/\/www.esquinautico.cl\/index.php?rest_route=%2Fwp%2Fv2%2Fcomments&post=9960"}],"version-history":[{"count":2,"href":"http:\/\/www.esquinautico.cl\/index.php?rest_route=\/wp\/v2\/posts\/9960\/revisions"}],"predecessor-version":[{"id":9968,"href":"http:\/\/www.esquinautico.cl\/index.php?rest_route=\/wp\/v2\/posts\/9960\/revisions\/9968"}],"wp:featuredmedia":[{"embeddable":true,"href":"http:\/\/www.esquinautico.cl\/index.php?rest_route=\/wp\/v2\/media\/9965"}],"wp:attachment":[{"href":"http:\/\/www.esquinautico.cl\/index.php?rest_route=%2Fwp%2Fv2%2Fmedia&parent=9960"}],"wp:term":[{"taxonomy":"category","embeddable":true,"href":"http:\/\/www.esquinautico.cl\/index.php?rest_route=%2Fwp%2Fv2%2Fcategories&post=9960"},{"taxonomy":"post_tag","embeddable":true,"href":"http:\/\/www.esquinautico.cl\/index.php?rest_route=%2Fwp%2Fv2%2Ftags&post=9960"}],"curies":[{"name":"wp","href":"https:\/\/api.w.org\/{rel}","templated":true}]}}