{"id":11378,"date":"2026-08-31T02:15:51","date_gmt":"2026-08-31T02:15:51","guid":{"rendered":"http:\/\/www.esquinautico.cl\/?p=11378"},"modified":"2026-08-31T03:07:05","modified_gmt":"2026-08-31T03:07:05","slug":"martin-labra-gana-el-world-series-de-california%ef%bf%bc","status":"publish","type":"post","link":"https:\/\/www.esquinautico.cl\/?p=11378","title":{"rendered":"MART\u00cdN LABRA GANA EL WORLD SERIES DE CALIFORNIA\ufffc"},"content":{"rendered":"\n<p>Un gran apronte de cara a los Juegos Suramericanos de Santa Fe 2026 marcaron este domingo los seleccionados nacionales de esqu\u00ed n\u00e1utico Mart\u00edn Labra y Mat\u00edas Gonz\u00e1lez, luego que ganaran el oro y el bronce, respectivamente, en la final de la World Series de Estados Unidos.<\/p>\n\n\n\n<p>Con una marca de 12.940 puntos, \u201cTincho\u201d Labra se qued\u00f3 con el primer lugar en la final open de figuras y consigui\u00f3 en el Pro AM de California su primer t\u00edtulo y su tercer podio del Circuito Mundial en la presente temporada. Durante todo el torneo el chileno exhibi\u00f3 un gran rendimiento con marcas de 12.010 y 12.940 en las primeras dos rondas.<\/p>\n\n\n\n<p>Gonz\u00e1lez, en tanto, y con una marca de 12.910, y empatado con el local Jake Abelson, se qued\u00f3 con el tercer lugar y sum\u00f3 de paso su quinto podio de la temporada. El actual campe\u00f3n mundial open suma en el a\u00f1o dos oros, dos platas y un bronce.<\/p>\n\n\n\n<p>Mart\u00edn Labra y Mat\u00edas Gonz\u00e1lez integran, junto a otros seis deportistas, la selecci\u00f3n chilena de esqu\u00ed n\u00e1utico que competir\u00e1 entre el 18 y 20 se septiembre en los Juegos Suramericanos de Santa Fe 2026.<\/p>\n\n\n\n<p><strong>CHILENOS TAMBI\u00c9N BRILLAN EN SUB21<\/strong><\/p>\n\n\n\n<p>El torneo Pro AM de California tambi\u00e9n desarroll\u00f3 una competencia en la categor\u00eda Sub21, donde Chile sum\u00f3 otras tres preseas. En figuras, Labra gan\u00f3 el oro con 12.940 y Mat\u00edas Gonz\u00e1lez el bronce con 11.710. Mientras que en slalom Daniela Kretschmer gan\u00f3 el bronce con 4 boyas a 11.25 metros.<\/p>\n\n\n\n<figure class=\"wp-block-image size-large\"><a href=\"http:\/\/www.esquinautico.cl\/wp-content\/uploads\/2026\/08\/Captura-de-pantalla-2026-08-30-a-las-11.06.23\u202fp.\u202fm..png\"><img loading=\"lazy\" width=\"1024\" height=\"661\" src=\"http:\/\/www.esquinautico.cl\/wp-content\/uploads\/2026\/08\/Captura-de-pantalla-2026-08-30-a-las-11.06.23\u202fp.\u202fm.-1024x661.png\" alt=\"\" class=\"wp-image-11387\" srcset=\"https:\/\/www.esquinautico.cl\/wp-content\/uploads\/2026\/08\/Captura-de-pantalla-2026-08-30-a-las-11.06.23\u202fp.\u202fm.-1024x661.png 1024w, https:\/\/www.esquinautico.cl\/wp-content\/uploads\/2026\/08\/Captura-de-pantalla-2026-08-30-a-las-11.06.23\u202fp.\u202fm.-300x194.png 300w, https:\/\/www.esquinautico.cl\/wp-content\/uploads\/2026\/08\/Captura-de-pantalla-2026-08-30-a-las-11.06.23\u202fp.\u202fm.-768x496.png 768w, https:\/\/www.esquinautico.cl\/wp-content\/uploads\/2026\/08\/Captura-de-pantalla-2026-08-30-a-las-11.06.23\u202fp.\u202fm.-1536x991.png 1536w, https:\/\/www.esquinautico.cl\/wp-content\/uploads\/2026\/08\/Captura-de-pantalla-2026-08-30-a-las-11.06.23\u202fp.\u202fm..png 2036w\" sizes=\"(max-width: 1024px) 100vw, 1024px\" \/><\/a><\/figure>\n\n\n\n<figure class=\"wp-block-embed is-type-video is-provider-youtube wp-block-embed-youtube wp-embed-aspect-4-3 wp-has-aspect-ratio\"><div class=\"wp-block-embed__wrapper\">\n<iframe loading=\"lazy\" title=\"TINCHO LABRA EN WORLD SERIES DE CALIFORNIA\" width=\"840\" height=\"630\" src=\"https:\/\/www.youtube.com\/embed\/11YwwxXFMVI?feature=oembed\" frameborder=\"0\" allow=\"accelerometer; autoplay; clipboard-write; encrypted-media; gyroscope; picture-in-picture; web-share\" referrerpolicy=\"strict-origin-when-cross-origin\" allowfullscreen><\/iframe>\n<\/div><\/figure>\n\n\n\n<figure class=\"wp-block-image size-full\"><a href=\"http:\/\/www.esquinautico.cl\/wp-content\/uploads\/2026\/08\/DDFFGG.jpg\"><img loading=\"lazy\" width=\"960\" height=\"597\" src=\"http:\/\/www.esquinautico.cl\/wp-content\/uploads\/2026\/08\/DDFFGG.jpg\" alt=\"\" class=\"wp-image-11383\" srcset=\"https:\/\/www.esquinautico.cl\/wp-content\/uploads\/2026\/08\/DDFFGG.jpg 960w, https:\/\/www.esquinautico.cl\/wp-content\/uploads\/2026\/08\/DDFFGG-300x187.jpg 300w, https:\/\/www.esquinautico.cl\/wp-content\/uploads\/2026\/08\/DDFFGG-768x478.jpg 768w\" sizes=\"(max-width: 960px) 100vw, 960px\" \/><\/a><\/figure>\n","protected":false},"excerpt":{"rendered":"<p>Un gran apronte de cara a los Juegos Suramericanos de Santa Fe 2026 marcaron este domingo los seleccionados nacionales de<\/p>\n","protected":false},"author":2,"featured_media":11379,"comment_status":"closed","ping_status":"open","sticky":false,"template":"","format":"standard","meta":[],"categories":[1,3],"tags":[],"_links":{"self":[{"href":"https:\/\/www.esquinautico.cl\/index.php?rest_route=\/wp\/v2\/posts\/11378"}],"collection":[{"href":"https:\/\/www.esquinautico.cl\/index.php?rest_route=\/wp\/v2\/posts"}],"about":[{"href":"https:\/\/www.esquinautico.cl\/index.php?rest_route=\/wp\/v2\/types\/post"}],"author":[{"embeddable":true,"href":"https:\/\/www.esquinautico.cl\/index.php?rest_route=\/wp\/v2\/users\/2"}],"replies":[{"embeddable":true,"href":"https:\/\/www.esquinautico.cl\/index.php?rest_route=%2Fwp%2Fv2%2Fcomments&post=11378"}],"version-history":[{"count":4,"href":"https:\/\/www.esquinautico.cl\/index.php?rest_route=\/wp\/v2\/posts\/11378\/revisions"}],"predecessor-version":[{"id":11388,"href":"https:\/\/www.esquinautico.cl\/index.php?rest_route=\/wp\/v2\/posts\/11378\/revisions\/11388"}],"wp:featuredmedia":[{"embeddable":true,"href":"https:\/\/www.esquinautico.cl\/index.php?rest_route=\/wp\/v2\/media\/11379"}],"wp:attachment":[{"href":"https:\/\/www.esquinautico.cl\/index.php?rest_route=%2Fwp%2Fv2%2Fmedia&parent=11378"}],"wp:term":[{"taxonomy":"category","embeddable":true,"href":"https:\/\/www.esquinautico.cl\/index.php?rest_route=%2Fwp%2Fv2%2Fcategories&post=11378"},{"taxonomy":"post_tag","embeddable":true,"href":"https:\/\/www.esquinautico.cl\/index.php?rest_route=%2Fwp%2Fv2%2Ftags&post=11378"}],"curies":[{"name":"wp","href":"https:\/\/api.w.org\/{rel}","templated":true}]}}