{"id":1145,"date":"2010-12-02T02:34:08","date_gmt":"2010-12-02T02:34:08","guid":{"rendered":"http:\/\/www.esquinautico.cl\/nuevo\/?p=1145"},"modified":"2010-12-02T02:34:08","modified_gmt":"2010-12-02T02:34:08","slug":"rodrigo-miranda-fue-el-esquiador-mas-destacado","status":"publish","type":"post","link":"https:\/\/www.esquinautico.cl\/?p=1145","title":{"rendered":"RODRIGO MIRANDA FUE EL ESQUIADOR M\u00c1S DESTACADO"},"content":{"rendered":"<p style=\"margin: 0cm 0cm 0pt\" class=\"MsoNormal\"><span style=\"font-family: Arial; font-size: 10pt\"><font color=\"#000000\"><strong>Toti fue premiado\u00a0por el C\u00edrculo de Periodistas Deportivos, al igual que las j\u00f3venes promesas Nicole Naser y Valentina Gonz\u00e1lez. <\/strong><\/font><\/span><\/p>\n<p style=\"margin: 0cm 0cm 0pt\" class=\"MsoNormal\">&nbsp;<\/p>\n<p style=\"margin: 0cm 0cm 0pt\" class=\"MsoNormal\"><span style=\"font-family: Arial; font-size: 10pt\"><\/span><\/p>\n<p style=\"margin: 0cm 0cm 0pt\" class=\"MsoNormal\"><span style=\"font-family: Arial; font-size: 10pt\"><font color=\"#000000\"><span style=\"font-family: Arial; font-size: 10pt\"><font color=\"#000000\"><strong><img loading=\"lazy\" src=\"images\/stories\/esquinautico\/toti250.jpg\" border=\"0\" width=\"250\" height=\"380\" align=\"left\" \/><\/strong><\/font><\/span>Rodrigo Miranda fue el esquiador m\u00e1s destacado del a\u00f1o seg\u00fan las votaciones que realiz\u00f3 el C\u00edrculo de Periodistas Deportivos y por eso ser\u00e1 premiado el 20 de diciembre a las 13:00 horas junto a todos los ganadores de las otras disciplinas. <\/font><\/span><\/p>\n<p style=\"margin: 0cm 0cm 0pt\" class=\"MsoNormal\">&nbsp;<\/p>\n<p><span style=\"font-family: Arial; font-size: 10pt\"><font color=\"#000000\">Toti consigui\u00f3 su premio gracias a la gran campa\u00f1a que realiz\u00f3 esta temporada y que la semana pasada lo consagr\u00f3 como el primer chileno en ser campe\u00f3n panamericano de la categor\u00eda Open, luego que se adjudic\u00f3 la medalla de oro del Overall. <\/font><\/span><\/p>\n<p style=\"margin: 0cm 0cm 0pt\" class=\"MsoNormal\">&nbsp;<\/p>\n<p><span style=\"font-family: Arial; font-size: 10pt\"><font color=\"#000000\">\u00a0<\/font><\/span><span style=\"font-family: Arial; font-size: 10pt\"><font color=\"#000000\">Tambi\u00e9n ser\u00e1n premiadas en la ceremonia de los Mejores Deportistas del a\u00f1o 2010 las esquiadoras Nicole Naser y Valentina Gonz\u00e1lez, quienes fueron condecoradas en la categor\u00eda \u201cpromesas deportivas\u201d.<\/font><\/span><\/p>\n","protected":false},"excerpt":{"rendered":"<p>Toti fue premiado\u00a0por el C\u00edrculo de Periodistas Deportivos, al igual que las j\u00f3venes promesas Nicole Naser y Valentina Gonz\u00e1lez. &nbsp;<\/p>\n","protected":false},"author":2,"featured_media":0,"comment_status":"closed","ping_status":"open","sticky":false,"template":"","format":"standard","meta":[],"categories":[1],"tags":[],"_links":{"self":[{"href":"https:\/\/www.esquinautico.cl\/index.php?rest_route=\/wp\/v2\/posts\/1145"}],"collection":[{"href":"https:\/\/www.esquinautico.cl\/index.php?rest_route=\/wp\/v2\/posts"}],"about":[{"href":"https:\/\/www.esquinautico.cl\/index.php?rest_route=\/wp\/v2\/types\/post"}],"author":[{"embeddable":true,"href":"https:\/\/www.esquinautico.cl\/index.php?rest_route=\/wp\/v2\/users\/2"}],"replies":[{"embeddable":true,"href":"https:\/\/www.esquinautico.cl\/index.php?rest_route=%2Fwp%2Fv2%2Fcomments&post=1145"}],"version-history":[{"count":0,"href":"https:\/\/www.esquinautico.cl\/index.php?rest_route=\/wp\/v2\/posts\/1145\/revisions"}],"wp:attachment":[{"href":"https:\/\/www.esquinautico.cl\/index.php?rest_route=%2Fwp%2Fv2%2Fmedia&parent=1145"}],"wp:term":[{"taxonomy":"category","embeddable":true,"href":"https:\/\/www.esquinautico.cl\/index.php?rest_route=%2Fwp%2Fv2%2Fcategories&post=1145"},{"taxonomy":"post_tag","embeddable":true,"href":"https:\/\/www.esquinautico.cl\/index.php?rest_route=%2Fwp%2Fv2%2Ftags&post=1145"}],"curies":[{"name":"wp","href":"https:\/\/api.w.org\/{rel}","templated":true}]}}