{"id":1147,"date":"2010-12-20T22:03:27","date_gmt":"2010-12-20T22:03:27","guid":{"rendered":"http:\/\/www.esquinautico.cl\/nuevo\/?p=1147"},"modified":"2010-12-20T22:03:27","modified_gmt":"2010-12-20T22:03:27","slug":"toti-cierra-el-ano-a-lo-crack","status":"publish","type":"post","link":"https:\/\/www.esquinautico.cl\/?p=1147","title":{"rendered":"TOTI CIERRA EL A\u00d1O A LO CRACK"},"content":{"rendered":"<p><!--[if gte mso 9]><xml>  <w:WordDocument>   <w:View>Normal<\/w:View>   <w:Zoom>0<\/w:Zoom>   <w:HyphenationZone>21<\/w:HyphenationZone>   <w:PunctuationKerning\/>   <w:ValidateAgainstSchemas\/>   <w:SaveIfXMLInvalid>false<\/w:SaveIfXMLInvalid>   <w:IgnoreMixedContent>false<\/w:IgnoreMixedContent>   <w:AlwaysShowPlaceholderText>false<\/w:AlwaysShowPlaceholderText>   <w:Compatibility>    <w:BreakWrappedTables\/>    <w:SnapToGridInCell\/>    <w:WrapTextWithPunct\/>    <w:UseAsianBreakRules\/>    <w:DontGrowAutofit\/>   <\/w:Compatibility>   <w:BrowserLevel>MicrosoftInternetExplorer4<\/w:BrowserLevel>  <\/w:WordDocument> <\/xml><![endif]--><!--[if gte mso 9]><xml>  <w:LatentStyles DefLockedState=\"false\" LatentStyleCount=\"156\">  <\/w:LatentStyles> <\/xml><![endif]--><!--[if !mso]>\n\n<div   classid=\"clsid:38481807-CA0E-42D2-BF39-B33AF135CC4D\" id=ieooui><\/div>\n\n \n\n<style> st1:*{behavior:url(#ieooui) } <\/style>\n\n <![endif]--><!--[if gte mso 10]> \n\n<style>  \/* Style Definitions *\/  table.MsoNormalTable \t{mso-style-name:\"Tabla normal\"; \tmso-tstyle-rowband-size:0; \tmso-tstyle-colband-size:0; \tmso-style-noshow:yes; \tmso-style-parent:\"\"; \tmso-padding-alt:0cm 5.4pt 0cm 5.4pt; \tmso-para-margin:0cm; \tmso-para-margin-bottom:.0001pt; \tmso-pagination:widow-orphan; \tfont-size:10.0pt; \tfont-family:\"Times New Roman\"; \tmso-ansi-language:#0400; \tmso-fareast-language:#0400; \tmso-bidi-language:#0400;} <\/style>\n\n <![endif]--><!--[if gte mso 9]><xml>  <w:WordDocument>   <w:View>Normal<\/w:View>   <w:Zoom>0<\/w:Zoom>   <w:HyphenationZone>21<\/w:HyphenationZone>   <w:PunctuationKerning\/>   <w:ValidateAgainstSchemas\/>   <w:SaveIfXMLInvalid>false<\/w:SaveIfXMLInvalid>   <w:IgnoreMixedContent>false<\/w:IgnoreMixedContent>   <w:AlwaysShowPlaceholderText>false<\/w:AlwaysShowPlaceholderText>   <w:Compatibility>    <w:BreakWrappedTables\/>    <w:SnapToGridInCell\/>    <w:WrapTextWithPunct\/>    <w:UseAsianBreakRules\/>    <w:DontGrowAutofit\/>   <\/w:Compatibility>   <w:BrowserLevel>MicrosoftInternetExplorer4<\/w:BrowserLevel>  <\/w:WordDocument> <\/xml><![endif]--><!--[if gte mso 9]><xml>  <w:LatentStyles DefLockedState=\"false\" LatentStyleCount=\"156\">  <\/w:LatentStyles> <\/xml><![endif]--><!--[if !mso]>\n\n<div   classid=\"clsid:38481807-CA0E-42D2-BF39-B33AF135CC4D\" id=ieooui><\/div>\n\n \n\n<style> st1:*{behavior:url(#ieooui) } <\/style>\n\n <![endif]--><!--[if gte mso 10]> \n\n<style>  \/* Style Definitions *\/  table.MsoNormalTable \t{mso-style-name:\"Tabla normal\"; \tmso-tstyle-rowband-size:0; \tmso-tstyle-colband-size:0; \tmso-style-noshow:yes; \tmso-style-parent:\"\"; \tmso-padding-alt:0cm 5.4pt 0cm 5.4pt; \tmso-para-margin:0cm; \tmso-para-margin-bottom:.0001pt; \tmso-pagination:widow-orphan; \tfont-size:10.0pt; \tfont-family:\"Times New Roman\"; \tmso-ansi-language:#0400; \tmso-fareast-language:#0400; \tmso-bidi-language:#0400;} <\/style>\n\n <![endif]-->  <\/p>\n<p style=\"text-align: justify\" class=\"MsoNormal\"><font color=\"#000000\"><strong><span style=\"font-size: 10pt; font-family: Arial\">Con un notable triunfo en figuras y slalom en la Copa Chicureo, el campe\u00f3n panamericano cerr\u00f3 su exitosa temporada 2010<\/span><\/strong><\/font><\/p>\n<p style=\"text-align: justify\" class=\"MsoNormal\">&nbsp;<\/p>\n<p style=\"text-align: justify\" class=\"MsoNormal\" align=\"left\"><img loading=\"lazy\" src=\"images\/stories\/esquinautico\/dsc_2591.jpg\" border=\"0\" width=\"250\" height=\"255\" align=\"left\" \/><font color=\"#000000\"><span style=\"font-size: 10pt; font-family: Arial\">Con un doble triunfo en la Copa Chicureo, Rodrigo \u201cToti\u201d Miranda cerr\u00f3 su exitosa temporada 2010; en un a\u00f1o en que se consagr\u00f3, adem\u00e1s, campe\u00f3n sudamericano y panamericano y que finaliz\u00f3 como el 10\u00ba mejor saltador del mundo.<\/span><\/font><\/p>\n<p style=\"text-align: justify\" class=\"MsoNormal\"><span style=\"font-size: 10pt; font-family: Arial\">\u00a0<\/span><\/p>\n<p style=\"text-align: justify\" class=\"MsoNormal\" align=\"left\"><font color=\"#000000\"><span style=\"font-size: 10pt; font-family: Arial\">En las aguas de la laguna Ski de Chicureo, el campe\u00f3n nacional se cobr\u00f3 revancha de su hermano Felipe, quien lo hab\u00eda derrotado en las dos competencias nacionales anteriores, y con marcas de 3 boyas a 11,25 metros y 8.890 puntos, se impuso en las finales de slalom y figuras, respectivamente.<\/span><\/font><\/p>\n<p style=\"text-align: justify\" class=\"MsoNormal\"><span style=\"font-size: 10pt; font-family: Arial\">\u00a0<\/span><\/p>\n<p style=\"text-align: justify\" class=\"MsoNormal\"><font color=\"#000000\"><span style=\"font-size: 10pt; font-family: Arial\">\u201cM\u00e1s all\u00e1 de haber ganado, me dejan muy tranquilo las marcas, ya que est\u00e1n bastante buenas, considerando que estoy en el periodo de pretemporada\u201d dijo \u201cToti\u201d Miranda, quien ya proyecta su temporada internacional \u201cLa idea es llegar bien preparado, con una buena base f\u00edsica y con un alto nivel en las tres pruebas\u201d dijo el deportista ADO.<\/span><\/font><\/p>\n<p style=\"text-align: justify\" class=\"MsoNormal\"><font color=\"#000000\"><span style=\"font-size: 10pt; font-family: Arial\">\u00a0<\/span><\/font><\/p>\n<p style=\"text-align: justify\" class=\"MsoNormal\"><font color=\"#000000\"><span style=\"font-size: 10pt; font-family: Arial\">En otros resultados destacados, Nicole Naser se impuso en la final open de figuras con 5.700 puntos; en nfantil Valentina Gonz\u00e1lez igual\u00f3 su r\u00e9cord personal en slalom al esquivar 1 boya a 13 metros y \u00c1ngelo Debarbieri marc\u00f3 3 boyas a 49 kil\u00f3metros. En juvenil, Luis \u00abCucho\u00bb Gana se impuso con 1 1\/2 boya a 12 metros; mientras que en senior, el franc\u00e9s Tierry Malhomme no tuvo problemas para quedarse con el oro tras esquivar 3 boyas a 10,75 metros. <\/span><\/font><\/p>\n<p style=\"text-align: justify\" class=\"MsoNormal\"><font color=\"#000000\"><span style=\"font-size: 10pt; font-family: Arial\">\u00a0<\/span><\/font><\/p>\n<p style=\"text-align: justify\" class=\"MsoNormal\"><font color=\"#000000\"><span style=\"font-size: 10pt; font-family: Arial\">La temporada nacional del esqu\u00ed n\u00e1utico proseguir\u00e1 el 30 de enero con la disputa de la Copa Budapest, en el lago Los Morros. En tanto que la campa\u00f1a internacional se iniciar\u00e1 en marzo con el Moomba Masters de Australia.<\/span><\/font><\/p>\n","protected":false},"excerpt":{"rendered":"<p>Con un notable triunfo en figuras y slalom en la Copa Chicureo, el campe\u00f3n panamericano cerr\u00f3 su exitosa temporada 2010<\/p>\n","protected":false},"author":2,"featured_media":0,"comment_status":"closed","ping_status":"open","sticky":false,"template":"","format":"standard","meta":[],"categories":[1],"tags":[],"_links":{"self":[{"href":"https:\/\/www.esquinautico.cl\/index.php?rest_route=\/wp\/v2\/posts\/1147"}],"collection":[{"href":"https:\/\/www.esquinautico.cl\/index.php?rest_route=\/wp\/v2\/posts"}],"about":[{"href":"https:\/\/www.esquinautico.cl\/index.php?rest_route=\/wp\/v2\/types\/post"}],"author":[{"embeddable":true,"href":"https:\/\/www.esquinautico.cl\/index.php?rest_route=\/wp\/v2\/users\/2"}],"replies":[{"embeddable":true,"href":"https:\/\/www.esquinautico.cl\/index.php?rest_route=%2Fwp%2Fv2%2Fcomments&post=1147"}],"version-history":[{"count":0,"href":"https:\/\/www.esquinautico.cl\/index.php?rest_route=\/wp\/v2\/posts\/1147\/revisions"}],"wp:attachment":[{"href":"https:\/\/www.esquinautico.cl\/index.php?rest_route=%2Fwp%2Fv2%2Fmedia&parent=1147"}],"wp:term":[{"taxonomy":"category","embeddable":true,"href":"https:\/\/www.esquinautico.cl\/index.php?rest_route=%2Fwp%2Fv2%2Fcategories&post=1147"},{"taxonomy":"post_tag","embeddable":true,"href":"https:\/\/www.esquinautico.cl\/index.php?rest_route=%2Fwp%2Fv2%2Ftags&post=1147"}],"curies":[{"name":"wp","href":"https:\/\/api.w.org\/{rel}","templated":true}]}}