{"id":1148,"date":"2010-12-20T23:15:56","date_gmt":"2010-12-20T23:15:56","guid":{"rendered":"http:\/\/www.esquinautico.cl\/nuevo\/?p=1148"},"modified":"2010-12-20T23:15:56","modified_gmt":"2010-12-20T23:15:56","slug":"valentina-gonzalez-tenemos-mucho-futuro-en-el-esqui","status":"publish","type":"post","link":"https:\/\/www.esquinautico.cl\/?p=1148","title":{"rendered":"VALENTINA GONZ\u00c1LEZ: \u00abTENEMOS MUCHO FUTURO EN EL ESQU\u00cd\u00bb"},"content":{"rendered":"<p><!--[if gte mso 9]><xml>  <w:WordDocument>   <w:View>Normal<\/w:View>   <w:Zoom>0<\/w:Zoom>   <w:HyphenationZone>21<\/w:HyphenationZone>   <w:PunctuationKerning\/>   <w:ValidateAgainstSchemas\/>   <w:SaveIfXMLInvalid>false<\/w:SaveIfXMLInvalid>   <w:IgnoreMixedContent>false<\/w:IgnoreMixedContent>   <w:AlwaysShowPlaceholderText>false<\/w:AlwaysShowPlaceholderText>   <w:Compatibility>    <w:BreakWrappedTables\/>    <w:SnapToGridInCell\/>    <w:WrapTextWithPunct\/>    <w:UseAsianBreakRules\/>    <w:DontGrowAutofit\/>   <\/w:Compatibility>   <w:BrowserLevel>MicrosoftInternetExplorer4<\/w:BrowserLevel>  <\/w:WordDocument> <\/xml><![endif]--><!--[if gte mso 9]><xml>  <w:LatentStyles DefLockedState=\"false\" LatentStyleCount=\"156\">  <\/w:LatentStyles> <\/xml><![endif]--><!--[if gte mso 10]> \n\n<style>  \/* Style Definitions *\/  table.MsoNormalTable \t{mso-style-name:\"Tabla normal\"; \tmso-tstyle-rowband-size:0; \tmso-tstyle-colband-size:0; \tmso-style-noshow:yes; \tmso-style-parent:\"\"; \tmso-padding-alt:0cm 5.4pt 0cm 5.4pt; \tmso-para-margin:0cm; \tmso-para-margin-bottom:.0001pt; \tmso-pagination:widow-orphan; \tfont-size:10.0pt; \tfont-family:\"Times New Roman\"; \tmso-ansi-language:#0400; \tmso-fareast-language:#0400; \tmso-bidi-language:#0400;} <\/style>\n\n <![endif]--><!--[if gte mso 9]><xml>  <w:WordDocument>   <w:View>Normal<\/w:View>   <w:Zoom>0<\/w:Zoom>   <w:HyphenationZone>21<\/w:HyphenationZone>   <w:PunctuationKerning\/>   <w:ValidateAgainstSchemas\/>   <w:SaveIfXMLInvalid>false<\/w:SaveIfXMLInvalid>   <w:IgnoreMixedContent>false<\/w:IgnoreMixedContent>   <w:AlwaysShowPlaceholderText>false<\/w:AlwaysShowPlaceholderText>   <w:Compatibility>    <w:BreakWrappedTables\/>    <w:SnapToGridInCell\/>    <w:WrapTextWithPunct\/>    <w:UseAsianBreakRules\/>    <w:DontGrowAutofit\/>   <\/w:Compatibility>   <w:BrowserLevel>MicrosoftInternetExplorer4<\/w:BrowserLevel>  <\/w:WordDocument> <\/xml><![endif]--><!--[if gte mso 9]><xml>  <w:LatentStyles DefLockedState=\"false\" LatentStyleCount=\"156\">  <\/w:LatentStyles> <\/xml><![endif]--><!--[if gte mso 10]> \n\n<style>  \/* Style Definitions *\/  table.MsoNormalTable \t{mso-style-name:\"Tabla normal\"; \tmso-tstyle-rowband-size:0; \tmso-tstyle-colband-size:0; \tmso-style-noshow:yes; \tmso-style-parent:\"\"; \tmso-padding-alt:0cm 5.4pt 0cm 5.4pt; \tmso-para-margin:0cm; \tmso-para-margin-bottom:.0001pt; \tmso-pagination:widow-orphan; \tfont-size:10.0pt; \tfont-family:\"Times New Roman\"; \tmso-ansi-language:#0400; \tmso-fareast-language:#0400; \tmso-bidi-language:#0400;} <\/style>\n\n <![endif]-->  <\/p>\n<p style=\"text-align: justify\" class=\"MsoNormal\"><font color=\"#000000\"><strong><span style=\"font-size: 10pt; font-family: Arial\">Seleccionada nacional recibi\u00f3 junto a Nicole Naser el premio a las \u201cpromesas deportivas\u201d que entreg\u00f3 este lunes el C\u00edrculo de Periodistas Deportivos<\/span><\/strong><\/font><\/p>\n<p style=\"text-align: justify\" class=\"MsoNormal\"><font color=\"#000000\">\u00a0<\/font><\/p>\n<p style=\"text-align: justify\" class=\"MsoNormal\"><font color=\"#000000\"><img loading=\"lazy\" src=\"images\/stories\/esquinautico\/dsc_2923.jpg\" border=\"0\" width=\"250\" height=\"335\" align=\"left\" \/><span style=\"font-size: 10pt; font-family: Arial\">El esqu\u00ed n\u00e1utico fue uno de los deportes m\u00e1s premiados en la tradicional ceremonia que realiza el C\u00edrculo de Periodistas Deportivos de Chile y donde se homenajean a los mejores especialistas de cada deporte y se entrega la distinci\u00f3n al \u201cmejor de los mejores\u201d<\/span><\/font><\/p>\n<p style=\"text-align: justify\" class=\"MsoNormal\"><span style=\"font-size: 10pt; font-family: Arial\">\u00a0<\/span><\/p>\n<p style=\"text-align: justify\" class=\"MsoNormal\"><font color=\"#000000\"><span style=\"font-size: 10pt; font-family: Arial\">Por quinta vez en su carrera, Rodrigo Miranda obtuvo el c\u00f3ndor que lo consagra como el mejor en el esqu\u00ed n\u00e1utico; mientras que Nicole Naser y Valentina Gonz\u00e1lez destacaron como parte de los tres deportistas que fueron premiados como las \u201cpromesas deportivas\u201d<\/span><\/font><\/p>\n<p style=\"text-align: justify\" class=\"MsoNormal\"><font color=\"#000000\"><span style=\"font-size: 10pt; font-family: Arial\">\u00a0<\/span><\/font><\/p>\n<p style=\"text-align: justify\" class=\"MsoNormal\"><font color=\"#000000\"><span style=\"font-size: 10pt; font-family: Arial\">Ambas seleccionadas nacionales recibieron muy orgullosas la distinci\u00f3n y tuvieron palabras de agradecimientos hacia los periodistas deportivos.<\/span><\/font><\/p>\n<p style=\"text-align: justify\" class=\"MsoNormal\"><font color=\"#000000\"><span style=\"font-size: 10pt; font-family: Arial\">\u00a0<\/span><\/font><\/p>\n<p style=\"text-align: justify\" class=\"MsoNormal\"><font color=\"#000000\"><span style=\"font-size: 10pt; font-family: Arial\">\u201cMe emocion\u00e9 mucho cuando tuve que subir a recibir el premio. Creo que lo ganamos porque con Nicole tenemos mucho futuro en el esqu\u00ed n\u00e1utico\u201d dijo la peque\u00f1a seleccionada nacional, Valentina Gonz\u00e1lez.<\/span><\/font><\/p>\n<p style=\"text-align: justify\" class=\"MsoNormal\"><span style=\"font-size: 10pt; font-family: Arial\">\u00a0<\/span><\/p>\n<p style=\"text-align: justify\" class=\"MsoNormal\"><font color=\"#000000\"><span style=\"font-size: 10pt; font-family: Arial\">Las medallas latinoamericanas y panamericanas que gan\u00f3 en 2010 fueron determinantes en la distinci\u00f3n de la deportista de apenas 11 a\u00f1os, quien en la hora del festejo no olvid\u00f3 los sacrificios que tuvo que hacer para llegar al podio \u201cTuve una temporada muy exigente, con torneos en Estados Unidos y eventos internacionales. Lo bueno es que pude ganar medallas y en todos\u201d dijo Valentina, quien dedic\u00f3 el premio \u201ca mi familia y a todo el esqu\u00ed n\u00e1utico\u201d.<\/span><\/font><\/p>\n<p style=\"text-align: justify\" class=\"MsoNormal\"><font color=\"#000000\"><span style=\"font-size: 10pt; font-family: Arial\">\u00a0<\/span><\/font><\/p>\n<p style=\"text-align: justify\" class=\"MsoNormal\"><font color=\"#000000\"><span style=\"font-size: 10pt; font-family: Arial\">Junto con alegrarnos de esta distinci\u00f3n, la familia del esqu\u00ed n\u00e1utico chileno felicita a Paula Ezquerra y Francisco Gonz\u00e1lez, padres de Valentina y motores del entusiasmo de esta verdadera promesa deportiva.<\/span><\/font><\/p>\n","protected":false},"excerpt":{"rendered":"<p>Seleccionada nacional recibi\u00f3 junto a Nicole Naser el premio a las \u201cpromesas deportivas\u201d que entreg\u00f3 este lunes el C\u00edrculo de<\/p>\n","protected":false},"author":2,"featured_media":0,"comment_status":"closed","ping_status":"open","sticky":false,"template":"","format":"standard","meta":[],"categories":[1],"tags":[],"_links":{"self":[{"href":"https:\/\/www.esquinautico.cl\/index.php?rest_route=\/wp\/v2\/posts\/1148"}],"collection":[{"href":"https:\/\/www.esquinautico.cl\/index.php?rest_route=\/wp\/v2\/posts"}],"about":[{"href":"https:\/\/www.esquinautico.cl\/index.php?rest_route=\/wp\/v2\/types\/post"}],"author":[{"embeddable":true,"href":"https:\/\/www.esquinautico.cl\/index.php?rest_route=\/wp\/v2\/users\/2"}],"replies":[{"embeddable":true,"href":"https:\/\/www.esquinautico.cl\/index.php?rest_route=%2Fwp%2Fv2%2Fcomments&post=1148"}],"version-history":[{"count":0,"href":"https:\/\/www.esquinautico.cl\/index.php?rest_route=\/wp\/v2\/posts\/1148\/revisions"}],"wp:attachment":[{"href":"https:\/\/www.esquinautico.cl\/index.php?rest_route=%2Fwp%2Fv2%2Fmedia&parent=1148"}],"wp:term":[{"taxonomy":"category","embeddable":true,"href":"https:\/\/www.esquinautico.cl\/index.php?rest_route=%2Fwp%2Fv2%2Fcategories&post=1148"},{"taxonomy":"post_tag","embeddable":true,"href":"https:\/\/www.esquinautico.cl\/index.php?rest_route=%2Fwp%2Fv2%2Ftags&post=1148"}],"curies":[{"name":"wp","href":"https:\/\/api.w.org\/{rel}","templated":true}]}}