{"id":1149,"date":"2010-12-21T02:23:21","date_gmt":"2010-12-21T02:23:21","guid":{"rendered":"http:\/\/www.esquinautico.cl\/nuevo\/?p=1149"},"modified":"2010-12-21T02:23:21","modified_gmt":"2010-12-21T02:23:21","slug":"nicole-naser-este-premio-me-motiva-a-seguir-creciendo","status":"publish","type":"post","link":"https:\/\/www.esquinautico.cl\/?p=1149","title":{"rendered":"NICOLE NASER: \u00abESTE PREMIO ME MOTIVA A SEGUIR CRECIENDO\u00bb"},"content":{"rendered":"<p><!--[if gte mso 9]><xml>  <w:WordDocument>   <w:View>Normal<\/w:View>   <w:Zoom>0<\/w:Zoom>   <w:HyphenationZone>21<\/w:HyphenationZone>   <w:PunctuationKerning\/>   <w:ValidateAgainstSchemas\/>   <w:SaveIfXMLInvalid>false<\/w:SaveIfXMLInvalid>   <w:IgnoreMixedContent>false<\/w:IgnoreMixedContent>   <w:AlwaysShowPlaceholderText>false<\/w:AlwaysShowPlaceholderText>   <w:Compatibility>    <w:BreakWrappedTables\/>    <w:SnapToGridInCell\/>    <w:WrapTextWithPunct\/>    <w:UseAsianBreakRules\/>    <w:DontGrowAutofit\/>   <\/w:Compatibility>   <w:BrowserLevel>MicrosoftInternetExplorer4<\/w:BrowserLevel>  <\/w:WordDocument> <\/xml><![endif]--><!--[if gte mso 9]><xml>  <w:LatentStyles DefLockedState=\"false\" LatentStyleCount=\"156\">  <\/w:LatentStyles> <\/xml><![endif]--><!--[if !mso]><object  classid=\"clsid:38481807-CA0E-42D2-BF39-B33AF135CC4D\" id=ieooui><\/object> \n\n<style> st1:*{behavior:url(#ieooui) } <\/style>\n\n <![endif]--><!--[if gte mso 10]> \n\n<style>  \/* Style Definitions *\/  table.MsoNormalTable \t{mso-style-name:\"Tabla normal\"; \tmso-tstyle-rowband-size:0; \tmso-tstyle-colband-size:0; \tmso-style-noshow:yes; \tmso-style-parent:\"\"; \tmso-padding-alt:0cm 5.4pt 0cm 5.4pt; \tmso-para-margin:0cm; \tmso-para-margin-bottom:.0001pt; \tmso-pagination:widow-orphan; \tfont-size:10.0pt; \tfont-family:\"Times New Roman\"; \tmso-ansi-language:#0400; \tmso-fareast-language:#0400; \tmso-bidi-language:#0400;} <\/style>\n\n <![endif]-->  <\/p>\n<p style=\"text-align: justify\" class=\"MsoNormal\"><font color=\"#000000\"><strong><span style=\"font-size: 10pt; font-family: Arial\">Campeona de Chile recibi\u00f3 junto a Valentina Gonz\u00e1lez el premio \u201cpromesas deportivas\u201d que entreg\u00f3 este lunes el C\u00edrculo de Periodistas Deportivos<\/span><\/strong><\/font><\/p>\n<p style=\"text-align: justify\" class=\"MsoNormal\"><span style=\"font-size: 10pt; font-family: Arial\">\u00a0<\/span><\/p>\n<p style=\"text-align: justify\" class=\"MsoNormal\" align=\"left\"><img loading=\"lazy\" src=\"images\/stories\/esquinautico\/dsc_2919.jpg\" border=\"0\" width=\"250\" height=\"301\" align=\"left\" \/><font color=\"#000000\"><span style=\"font-size: 10pt; font-family: Arial\">No le ser\u00e1 f\u00e1cil olvidar el 2010 a Nicole Naser. Y es que en esta temporada la campeona nacional no s\u00f3lo sorprendi\u00f3 con brillantes resultados, sino que adem\u00e1s obtuvo el reconocimiento del medio, algo que en algunas ocasiones tarda mucho tiempo en llegar.<\/span><\/font><\/p>\n<div align=\"left\">  <\/div>\n<p style=\"text-align: justify\" class=\"MsoNormal\" align=\"left\"><font color=\"#000000\"><span style=\"font-size: 10pt; font-family: Arial\"><span>\u00a0\u00a0\u00a0\u00a0\u00a0\u00a0\u00a0\u00a0\u00a0\u00a0\u00a0\u00a0\u00a0\u00a0\u00a0\u00a0\u00a0\u00a0\u00a0\u00a0\u00a0 <\/span><\/span><\/font><\/p>\n<div align=\"left\">  <\/div>\n<p style=\"text-align: justify\" class=\"MsoNormal\" align=\"left\"><font color=\"#000000\"><span style=\"font-size: 10pt; font-family: Arial\">Una impensada medalla de plata en la final de figuras en los Odesur, un oro en el Junior US Open, una plata en el Junior Masters y una excelente presentaci\u00f3n en el Panamericano fueron argumentos suficientes para que el C\u00edrculo de Periodistas Deportivos la premiara en la categor\u00eda \u201cpromesas deportivas\u201d junto a la tambi\u00e9n esquiadora Valentina Gonz\u00e1lez.<\/span><\/font><\/p>\n<div align=\"left\">  <\/div>\n<p style=\"text-align: justify\" class=\"MsoNormal\" align=\"left\"><span style=\"font-size: 10pt; font-family: Arial\">\u00a0<\/span><\/p>\n<div align=\"left\">  <\/div>\n<p style=\"text-align: justify\" class=\"MsoNormal\" align=\"left\"><font color=\"#000000\"><span style=\"font-size: 10pt; font-family: Arial\">Con su rostro alegre, el mismo que siempre luce afuera del lago, la campeona de Chile subi\u00f3 al escenario a recibir su premio, en una ceremonia que reuni\u00f3 a lo m\u00e1s granado del deporte chileno.<\/span><\/font><\/p>\n<div align=\"left\">  <\/div>\n<p style=\"text-align: justify\" class=\"MsoNormal\" align=\"left\"><font color=\"#000000\"><span style=\"font-size: 10pt; font-family: Arial\">\u00a0<\/span><\/font><\/p>\n<div align=\"left\">  <\/div>\n<p style=\"text-align: justify\" class=\"MsoNormal\" align=\"left\"><font color=\"#000000\"><span style=\"font-size: 10pt; font-family: Arial\">\u201cEstoy feliz y agradecida por este premio, que me motiva para seguir haciendo este deporte\u201d dijo entre abrazos la seleccionada nacional.<\/span><\/font><\/p>\n<div align=\"left\">  <\/div>\n<p style=\"text-align: justify\" class=\"MsoNormal\" align=\"left\"><font color=\"#000000\"><span style=\"font-size: 10pt; font-family: Arial\">\u00a0<\/span><\/font><\/p>\n<div align=\"left\">  <\/div>\n<p style=\"text-align: justify\" class=\"MsoNormal\" align=\"left\"><font color=\"#000000\"><span style=\"font-size: 10pt; font-family: Arial\">La esquiadora tambi\u00e9n tuvo palabras para los periodistas, organizadores de esta ceremonia y gestores de este reconocimiento \u201cEl apoyo de los periodistas es s\u00faper importante, agradezco a todos los medios que han hablado o escrito del esqu\u00ed n\u00e1utico. Es muy satisfactorio y motivante ver una nota publicada de nuestros logros\u201d dijo Nicole Naser.<\/span><\/font><\/p>\n<div align=\"left\">  <\/div>\n<p style=\"text-align: justify\" class=\"MsoNormal\" align=\"left\"><font color=\"#000000\"><span style=\"font-size: 10pt; font-family: Arial\">\u00a0<\/span><\/font><\/p>\n<div align=\"left\">  <\/div>\n<p style=\"text-align: justify\" class=\"MsoNormal\" align=\"left\"><font color=\"#000000\"><span style=\"font-size: 10pt; font-family: Arial\">Acompa\u00f1aron a la joven seleccionada chilena en esta ceremonia tan importante, su madre Lissette Hizmeri, su padre Jorge Naser y su hermana Fernanda, en una muestra m\u00e1s del gran compromiso que tiene esta familia con el deporte y con el esqu\u00ed n\u00e1utico en particular.<\/span><\/font><\/p>\n","protected":false},"excerpt":{"rendered":"<p>Campeona de Chile recibi\u00f3 junto a Valentina Gonz\u00e1lez el premio \u201cpromesas deportivas\u201d que entreg\u00f3 este lunes el C\u00edrculo de Periodistas<\/p>\n","protected":false},"author":2,"featured_media":0,"comment_status":"closed","ping_status":"open","sticky":false,"template":"","format":"standard","meta":[],"categories":[1],"tags":[],"_links":{"self":[{"href":"https:\/\/www.esquinautico.cl\/index.php?rest_route=\/wp\/v2\/posts\/1149"}],"collection":[{"href":"https:\/\/www.esquinautico.cl\/index.php?rest_route=\/wp\/v2\/posts"}],"about":[{"href":"https:\/\/www.esquinautico.cl\/index.php?rest_route=\/wp\/v2\/types\/post"}],"author":[{"embeddable":true,"href":"https:\/\/www.esquinautico.cl\/index.php?rest_route=\/wp\/v2\/users\/2"}],"replies":[{"embeddable":true,"href":"https:\/\/www.esquinautico.cl\/index.php?rest_route=%2Fwp%2Fv2%2Fcomments&post=1149"}],"version-history":[{"count":0,"href":"https:\/\/www.esquinautico.cl\/index.php?rest_route=\/wp\/v2\/posts\/1149\/revisions"}],"wp:attachment":[{"href":"https:\/\/www.esquinautico.cl\/index.php?rest_route=%2Fwp%2Fv2%2Fmedia&parent=1149"}],"wp:term":[{"taxonomy":"category","embeddable":true,"href":"https:\/\/www.esquinautico.cl\/index.php?rest_route=%2Fwp%2Fv2%2Fcategories&post=1149"},{"taxonomy":"post_tag","embeddable":true,"href":"https:\/\/www.esquinautico.cl\/index.php?rest_route=%2Fwp%2Fv2%2Ftags&post=1149"}],"curies":[{"name":"wp","href":"https:\/\/api.w.org\/{rel}","templated":true}]}}